{"id":115,"date":"2011-09-05T15:09:43","date_gmt":"2011-09-05T15:09:43","guid":{"rendered":"https:\/\/tiendadeargan.es\/blog\/?p=115"},"modified":"2011-10-10T15:13:28","modified_gmt":"2011-10-10T15:13:28","slug":"suelta-tu-pelo-de-nuevo-hacia-la-salud-y-la-belleza","status":"publish","type":"post","link":"https:\/\/tiendadeargan.es\/blog\/cabello\/suelta-tu-pelo-de-nuevo-hacia-la-salud-y-la-belleza\/","title":{"rendered":"Suelta tu pelo de Nuevo hacia la Salud y la Belleza"},"content":{"rendered":"<p><a href=\"https:\/\/tiendadeargan.es\/blog\/wp-content\/uploads\/2011\/10\/009.jpg\"><img loading=\"lazy\" decoding=\"async\" src=\"https:\/\/tiendadeargan.es\/blog\/wp-content\/uploads\/2011\/10\/009.jpg\" alt=\"Suelta tu pelo de Nuevo hacia la Salud y la Belleza\" width=\"350\" height=\"232\" class=\"aligncenter size-full wp-image-116\" srcset=\"https:\/\/tiendadeargan.es\/blog\/wp-content\/uploads\/2011\/10\/009.jpg 350w, https:\/\/tiendadeargan.es\/blog\/wp-content\/uploads\/2011\/10\/009-300x198.jpg 300w\" sizes=\"auto, (max-width: 350px) 100vw, 350px\" \/><\/a><br \/>\n\u00bfEst\u00e1s animada por la llegada de la primavera? Mucha gente tambi\u00e9n lo est\u00e1. A poca gente le gusta el frio del invierno. Cuando la primavera llega es como si el mundo despertase de una larga siesta. Los colores y la vida cubren todo lo que nos rodea. Pero toda esta belleza que nos trae la primavera tambi\u00e9n se traduce en efectos perjudiciales para nuestro pelo.<\/p>\n<p>Para ayudarte a mantener tu pelo lleno de vida y belleza en esta m\u00e1gica estaci\u00f3n solo tienes que seguir estos sencillos consejos<\/p>\n<p><strong>Cuidados Primaverales para tu Pelo <\/strong><\/p>\n<ol>\n<li><strong>Acondiciona tu pelo al menos una vez a la semana.<\/strong>  El invierno es un periodo realmente duro para tu pelo. Se reseca, se encrespa y pierde su brillo. Esto se debe a que el frio invernal elimina la capa nutritiva natural del pelo. Para devolverlo a la vida usa un buen acondicionador que nutra adecuadamente tu pelo.\n<p>El aceite de Arg\u00e1n es la mejor elecci\u00f3n en lo que a acondicionadores se refiere. No solo es un excelente acondicionador sino que tambi\u00e9n fortalece tu pelo. Este aceite procedente de Marruecos est\u00e1 lleno de antioxidantes, vitamina E, \u00e1cidos grasos omega 3 y omega 9.<\/li>\n<li><strong>No utilices el secador.<\/strong> Es mucho mejor dejar el pelo al aire. Tambi\u00e9n deber\u00edas evitar frotar el pelo en exceso con la toalla. Esa fricci\u00f3n genera electricidad est\u00e1tica que puede rizar el pelo y estimular su rotura. <\/li>\n<li><strong>Protege tu pelo del sol!<\/strong>  Los rayos ultravioletas o UV da\u00f1an tanto el pelo como la piel. Cada vez que te expongas al solo debes proteger tu pelo de sus efectos. Usa un sombrero o similar para cubrir tu pelo. O utiliza un protector solar para el pelo que reduzca los efectos perjudiciales que provocan los rayos ultravioletas..<\/li>\n<li><strong>Protege tu pelo del viento!<\/strong> La primavera viene acompa\u00f1ada de fuertes vientos. Estos vientos sacuden tu pelo pudiendo provocar su rotura, rizado y que se sequen. Por eso debes proteger tu pelo usando pinzas, horquillas o cintas para sujetarlo.<\/li>\n<li><strong>Combate la humedad lav\u00e1ndote el pelo durante todos los d\u00edas!<\/strong> En primavera el clima puede ser especialmente h\u00famedo. Esa humedad es la principal causa de que tu pelo se encrespe. Si dejas que esa humedad llegue hasta el cuero cabelludo el resultado puede ser una p\u00e9rdida de cabello por la debilidad de las ra\u00edces. Recuerda dejar tu pelo secarse al aire y olvidar el secador.<\/li>\n<li><strong>Dale a  tu pelo un masaje con aceite caliente.<\/strong>Puedes devolver la vida a tu pelo con un masaje de aceite caliente. Para mejorar un pelo seco, rizado y electrizado debido a los efectos del invierno no hay nada mejor que un masaje de aceite caliente.\n<p>Para este masaje puedes usar aceite de Arg\u00e1n. Solo tienes que calentar un poco de agua y a\u00f1adir el aceite. Masajea el pelo y el cuero cabelludo durante unos 20 minutos con esta mezcla. Envuelve el pelo en una toalla y deja que el producto actu\u00e9 durante unos 15 a 30 minutos. Finalmente l\u00e1vate el pelo con un champ\u00fa suave..<\/li>\n<\/ol>\n<p>Como tener un pelo perfecto para esta primavera en tan solo 6 sencillos pasos.<\/p>\n","protected":false},"excerpt":{"rendered":"<p>\u00bfEst\u00e1s animada por la llegada de la primavera? Mucha gente tambi\u00e9n lo est\u00e1. A poca gente le gusta el frio del invierno. Cuando la primavera llega es como si el mundo despertase de una larga siesta. Los colores y la vida cubren todo lo que nos rodea. Pero toda esta belleza que nos trae la [&hellip;]<\/p>\n","protected":false},"author":2,"featured_media":0,"comment_status":"open","ping_status":"closed","sticky":false,"template":"","format":"standard","meta":{"footnotes":""},"categories":[5],"tags":[],"class_list":["post-115","post","type-post","status-publish","format-standard","hentry","category-cabello"],"yoast_head":"<!-- This site is optimized with the Yoast SEO plugin v25.0 - https:\/\/yoast.com\/wordpress\/plugins\/seo\/ -->\n<title>Suelta tu pelo de Nuevo hacia la Salud y la Belleza<\/title>\n<meta name=\"description\" content=\"En este articulo te descubrimos 6 sencillos pasos para devolver tu pelo a la vida y la belleza en esta primavera. Tambi\u00e9n explicamos el efecto del aceite de Arg\u00e1n para el cuidado de tu pelo.\" \/>\n<meta name=\"robots\" content=\"index, follow, max-snippet:-1, max-image-preview:large, max-video-preview:-1\" \/>\n<link rel=\"canonical\" href=\"https:\/\/tiendadeargan.es\/blog\/cabello\/suelta-tu-pelo-de-nuevo-hacia-la-salud-y-la-belleza\/\" \/>\n<meta property=\"og:locale\" content=\"es_ES\" \/>\n<meta property=\"og:type\" content=\"article\" \/>\n<meta property=\"og:title\" content=\"Suelta tu pelo de Nuevo hacia la Salud y la Belleza\" \/>\n<meta property=\"og:description\" content=\"En este articulo te descubrimos 6 sencillos pasos para devolver tu pelo a la vida y la belleza en esta primavera. Tambi\u00e9n explicamos el efecto del aceite de Arg\u00e1n para el cuidado de tu pelo.\" \/>\n<meta property=\"og:url\" content=\"https:\/\/tiendadeargan.es\/blog\/cabello\/suelta-tu-pelo-de-nuevo-hacia-la-salud-y-la-belleza\/\" \/>\n<meta property=\"og:site_name\" content=\"Tienda de Argan\" \/>\n<meta property=\"article:published_time\" content=\"2011-09-05T15:09:43+00:00\" \/>\n<meta property=\"article:modified_time\" content=\"2011-10-10T15:13:28+00:00\" \/>\n<meta property=\"og:image\" content=\"https:\/\/tiendadeargan.es\/blog\/wp-content\/uploads\/2011\/10\/009.jpg\" \/>\n<meta name=\"author\" content=\"Majal\" \/>\n<meta name=\"twitter:card\" content=\"summary_large_image\" \/>\n<meta name=\"twitter:label1\" content=\"Escrito por\" \/>\n\t<meta name=\"twitter:data1\" content=\"Majal\" \/>\n\t<meta name=\"twitter:label2\" content=\"Tiempo de lectura\" \/>\n\t<meta name=\"twitter:data2\" content=\"3 minutos\" \/>\n<script type=\"application\/ld+json\" class=\"yoast-schema-graph\">{\"@context\":\"https:\/\/schema.org\",\"@graph\":[{\"@type\":\"Article\",\"@id\":\"https:\/\/tiendadeargan.es\/blog\/cabello\/suelta-tu-pelo-de-nuevo-hacia-la-salud-y-la-belleza\/#article\",\"isPartOf\":{\"@id\":\"https:\/\/tiendadeargan.es\/blog\/cabello\/suelta-tu-pelo-de-nuevo-hacia-la-salud-y-la-belleza\/\"},\"author\":{\"name\":\"Majal\",\"@id\":\"https:\/\/tiendadeargan.es\/blog\/#\/schema\/person\/6f823cd740f4f6e9eca5ade59ea1402a\"},\"headline\":\"Suelta tu pelo de Nuevo hacia la Salud y la Belleza\",\"datePublished\":\"2011-09-05T15:09:43+00:00\",\"dateModified\":\"2011-10-10T15:13:28+00:00\",\"mainEntityOfPage\":{\"@id\":\"https:\/\/tiendadeargan.es\/blog\/cabello\/suelta-tu-pelo-de-nuevo-hacia-la-salud-y-la-belleza\/\"},\"wordCount\":540,\"commentCount\":0,\"publisher\":{\"@id\":\"https:\/\/tiendadeargan.es\/blog\/#organization\"},\"image\":{\"@id\":\"https:\/\/tiendadeargan.es\/blog\/cabello\/suelta-tu-pelo-de-nuevo-hacia-la-salud-y-la-belleza\/#primaryimage\"},\"thumbnailUrl\":\"https:\/\/tiendadeargan.es\/blog\/wp-content\/uploads\/2011\/10\/009.jpg\",\"articleSection\":[\"Cabello\"],\"inLanguage\":\"es\",\"potentialAction\":[{\"@type\":\"CommentAction\",\"name\":\"Comment\",\"target\":[\"https:\/\/tiendadeargan.es\/blog\/cabello\/suelta-tu-pelo-de-nuevo-hacia-la-salud-y-la-belleza\/#respond\"]}]},{\"@type\":\"WebPage\",\"@id\":\"https:\/\/tiendadeargan.es\/blog\/cabello\/suelta-tu-pelo-de-nuevo-hacia-la-salud-y-la-belleza\/\",\"url\":\"https:\/\/tiendadeargan.es\/blog\/cabello\/suelta-tu-pelo-de-nuevo-hacia-la-salud-y-la-belleza\/\",\"name\":\"Suelta tu pelo de Nuevo hacia la Salud y la Belleza\",\"isPartOf\":{\"@id\":\"https:\/\/tiendadeargan.es\/blog\/#website\"},\"primaryImageOfPage\":{\"@id\":\"https:\/\/tiendadeargan.es\/blog\/cabello\/suelta-tu-pelo-de-nuevo-hacia-la-salud-y-la-belleza\/#primaryimage\"},\"image\":{\"@id\":\"https:\/\/tiendadeargan.es\/blog\/cabello\/suelta-tu-pelo-de-nuevo-hacia-la-salud-y-la-belleza\/#primaryimage\"},\"thumbnailUrl\":\"https:\/\/tiendadeargan.es\/blog\/wp-content\/uploads\/2011\/10\/009.jpg\",\"datePublished\":\"2011-09-05T15:09:43+00:00\",\"dateModified\":\"2011-10-10T15:13:28+00:00\",\"description\":\"En este articulo te descubrimos 6 sencillos pasos para devolver tu pelo a la vida y la belleza en esta primavera. Tambi\u00e9n explicamos el efecto del aceite de Arg\u00e1n para el cuidado de tu pelo.\",\"breadcrumb\":{\"@id\":\"https:\/\/tiendadeargan.es\/blog\/cabello\/suelta-tu-pelo-de-nuevo-hacia-la-salud-y-la-belleza\/#breadcrumb\"},\"inLanguage\":\"es\",\"potentialAction\":[{\"@type\":\"ReadAction\",\"target\":[\"https:\/\/tiendadeargan.es\/blog\/cabello\/suelta-tu-pelo-de-nuevo-hacia-la-salud-y-la-belleza\/\"]}]},{\"@type\":\"ImageObject\",\"inLanguage\":\"es\",\"@id\":\"https:\/\/tiendadeargan.es\/blog\/cabello\/suelta-tu-pelo-de-nuevo-hacia-la-salud-y-la-belleza\/#primaryimage\",\"url\":\"https:\/\/tiendadeargan.es\/blog\/wp-content\/uploads\/2011\/10\/009.jpg\",\"contentUrl\":\"https:\/\/tiendadeargan.es\/blog\/wp-content\/uploads\/2011\/10\/009.jpg\"},{\"@type\":\"BreadcrumbList\",\"@id\":\"https:\/\/tiendadeargan.es\/blog\/cabello\/suelta-tu-pelo-de-nuevo-hacia-la-salud-y-la-belleza\/#breadcrumb\",\"itemListElement\":[{\"@type\":\"ListItem\",\"position\":1,\"name\":\"Portada\",\"item\":\"https:\/\/tiendadeargan.es\/blog\/\"},{\"@type\":\"ListItem\",\"position\":2,\"name\":\"Suelta tu pelo de Nuevo hacia la Salud y la Belleza\"}]},{\"@type\":\"WebSite\",\"@id\":\"https:\/\/tiendadeargan.es\/blog\/#website\",\"url\":\"https:\/\/tiendadeargan.es\/blog\/\",\"name\":\"Tienda de Argan\",\"description\":\"Ci La Calidad Cuenta\",\"publisher\":{\"@id\":\"https:\/\/tiendadeargan.es\/blog\/#organization\"},\"potentialAction\":[{\"@type\":\"SearchAction\",\"target\":{\"@type\":\"EntryPoint\",\"urlTemplate\":\"https:\/\/tiendadeargan.es\/blog\/?s={search_term_string}\"},\"query-input\":{\"@type\":\"PropertyValueSpecification\",\"valueRequired\":true,\"valueName\":\"search_term_string\"}}],\"inLanguage\":\"es\"},{\"@type\":\"Organization\",\"@id\":\"https:\/\/tiendadeargan.es\/blog\/#organization\",\"name\":\"TiendadeArgan.es\",\"url\":\"https:\/\/tiendadeargan.es\/blog\/\",\"logo\":{\"@type\":\"ImageObject\",\"inLanguage\":\"es\",\"@id\":\"https:\/\/tiendadeargan.es\/blog\/#\/schema\/logo\/image\/\",\"url\":\"https:\/\/tiendadeargan.es\/blog\/wp-content\/uploads\/2017\/08\/TiendaDeArgan_Normal.png\",\"contentUrl\":\"https:\/\/tiendadeargan.es\/blog\/wp-content\/uploads\/2017\/08\/TiendaDeArgan_Normal.png\",\"width\":300,\"height\":58,\"caption\":\"TiendadeArgan.es\"},\"image\":{\"@id\":\"https:\/\/tiendadeargan.es\/blog\/#\/schema\/logo\/image\/\"}},{\"@type\":\"Person\",\"@id\":\"https:\/\/tiendadeargan.es\/blog\/#\/schema\/person\/6f823cd740f4f6e9eca5ade59ea1402a\",\"name\":\"Majal\",\"url\":\"https:\/\/tiendadeargan.es\/blog\/author\/majal\/\"}]}<\/script>\n<!-- \/ Yoast SEO plugin. -->","yoast_head_json":{"title":"Suelta tu pelo de Nuevo hacia la Salud y la Belleza","description":"En este articulo te descubrimos 6 sencillos pasos para devolver tu pelo a la vida y la belleza en esta primavera. Tambi\u00e9n explicamos el efecto del aceite de Arg\u00e1n para el cuidado de tu pelo.","robots":{"index":"index","follow":"follow","max-snippet":"max-snippet:-1","max-image-preview":"max-image-preview:large","max-video-preview":"max-video-preview:-1"},"canonical":"https:\/\/tiendadeargan.es\/blog\/cabello\/suelta-tu-pelo-de-nuevo-hacia-la-salud-y-la-belleza\/","og_locale":"es_ES","og_type":"article","og_title":"Suelta tu pelo de Nuevo hacia la Salud y la Belleza","og_description":"En este articulo te descubrimos 6 sencillos pasos para devolver tu pelo a la vida y la belleza en esta primavera. Tambi\u00e9n explicamos el efecto del aceite de Arg\u00e1n para el cuidado de tu pelo.","og_url":"https:\/\/tiendadeargan.es\/blog\/cabello\/suelta-tu-pelo-de-nuevo-hacia-la-salud-y-la-belleza\/","og_site_name":"Tienda de Argan","article_published_time":"2011-09-05T15:09:43+00:00","article_modified_time":"2011-10-10T15:13:28+00:00","og_image":[{"url":"https:\/\/tiendadeargan.es\/blog\/wp-content\/uploads\/2011\/10\/009.jpg","type":"","width":"","height":""}],"author":"Majal","twitter_card":"summary_large_image","twitter_misc":{"Escrito por":"Majal","Tiempo de lectura":"3 minutos"},"schema":{"@context":"https:\/\/schema.org","@graph":[{"@type":"Article","@id":"https:\/\/tiendadeargan.es\/blog\/cabello\/suelta-tu-pelo-de-nuevo-hacia-la-salud-y-la-belleza\/#article","isPartOf":{"@id":"https:\/\/tiendadeargan.es\/blog\/cabello\/suelta-tu-pelo-de-nuevo-hacia-la-salud-y-la-belleza\/"},"author":{"name":"Majal","@id":"https:\/\/tiendadeargan.es\/blog\/#\/schema\/person\/6f823cd740f4f6e9eca5ade59ea1402a"},"headline":"Suelta tu pelo de Nuevo hacia la Salud y la Belleza","datePublished":"2011-09-05T15:09:43+00:00","dateModified":"2011-10-10T15:13:28+00:00","mainEntityOfPage":{"@id":"https:\/\/tiendadeargan.es\/blog\/cabello\/suelta-tu-pelo-de-nuevo-hacia-la-salud-y-la-belleza\/"},"wordCount":540,"commentCount":0,"publisher":{"@id":"https:\/\/tiendadeargan.es\/blog\/#organization"},"image":{"@id":"https:\/\/tiendadeargan.es\/blog\/cabello\/suelta-tu-pelo-de-nuevo-hacia-la-salud-y-la-belleza\/#primaryimage"},"thumbnailUrl":"https:\/\/tiendadeargan.es\/blog\/wp-content\/uploads\/2011\/10\/009.jpg","articleSection":["Cabello"],"inLanguage":"es","potentialAction":[{"@type":"CommentAction","name":"Comment","target":["https:\/\/tiendadeargan.es\/blog\/cabello\/suelta-tu-pelo-de-nuevo-hacia-la-salud-y-la-belleza\/#respond"]}]},{"@type":"WebPage","@id":"https:\/\/tiendadeargan.es\/blog\/cabello\/suelta-tu-pelo-de-nuevo-hacia-la-salud-y-la-belleza\/","url":"https:\/\/tiendadeargan.es\/blog\/cabello\/suelta-tu-pelo-de-nuevo-hacia-la-salud-y-la-belleza\/","name":"Suelta tu pelo de Nuevo hacia la Salud y la Belleza","isPartOf":{"@id":"https:\/\/tiendadeargan.es\/blog\/#website"},"primaryImageOfPage":{"@id":"https:\/\/tiendadeargan.es\/blog\/cabello\/suelta-tu-pelo-de-nuevo-hacia-la-salud-y-la-belleza\/#primaryimage"},"image":{"@id":"https:\/\/tiendadeargan.es\/blog\/cabello\/suelta-tu-pelo-de-nuevo-hacia-la-salud-y-la-belleza\/#primaryimage"},"thumbnailUrl":"https:\/\/tiendadeargan.es\/blog\/wp-content\/uploads\/2011\/10\/009.jpg","datePublished":"2011-09-05T15:09:43+00:00","dateModified":"2011-10-10T15:13:28+00:00","description":"En este articulo te descubrimos 6 sencillos pasos para devolver tu pelo a la vida y la belleza en esta primavera. Tambi\u00e9n explicamos el efecto del aceite de Arg\u00e1n para el cuidado de tu pelo.","breadcrumb":{"@id":"https:\/\/tiendadeargan.es\/blog\/cabello\/suelta-tu-pelo-de-nuevo-hacia-la-salud-y-la-belleza\/#breadcrumb"},"inLanguage":"es","potentialAction":[{"@type":"ReadAction","target":["https:\/\/tiendadeargan.es\/blog\/cabello\/suelta-tu-pelo-de-nuevo-hacia-la-salud-y-la-belleza\/"]}]},{"@type":"ImageObject","inLanguage":"es","@id":"https:\/\/tiendadeargan.es\/blog\/cabello\/suelta-tu-pelo-de-nuevo-hacia-la-salud-y-la-belleza\/#primaryimage","url":"https:\/\/tiendadeargan.es\/blog\/wp-content\/uploads\/2011\/10\/009.jpg","contentUrl":"https:\/\/tiendadeargan.es\/blog\/wp-content\/uploads\/2011\/10\/009.jpg"},{"@type":"BreadcrumbList","@id":"https:\/\/tiendadeargan.es\/blog\/cabello\/suelta-tu-pelo-de-nuevo-hacia-la-salud-y-la-belleza\/#breadcrumb","itemListElement":[{"@type":"ListItem","position":1,"name":"Portada","item":"https:\/\/tiendadeargan.es\/blog\/"},{"@type":"ListItem","position":2,"name":"Suelta tu pelo de Nuevo hacia la Salud y la Belleza"}]},{"@type":"WebSite","@id":"https:\/\/tiendadeargan.es\/blog\/#website","url":"https:\/\/tiendadeargan.es\/blog\/","name":"Tienda de Argan","description":"Ci La Calidad Cuenta","publisher":{"@id":"https:\/\/tiendadeargan.es\/blog\/#organization"},"potentialAction":[{"@type":"SearchAction","target":{"@type":"EntryPoint","urlTemplate":"https:\/\/tiendadeargan.es\/blog\/?s={search_term_string}"},"query-input":{"@type":"PropertyValueSpecification","valueRequired":true,"valueName":"search_term_string"}}],"inLanguage":"es"},{"@type":"Organization","@id":"https:\/\/tiendadeargan.es\/blog\/#organization","name":"TiendadeArgan.es","url":"https:\/\/tiendadeargan.es\/blog\/","logo":{"@type":"ImageObject","inLanguage":"es","@id":"https:\/\/tiendadeargan.es\/blog\/#\/schema\/logo\/image\/","url":"https:\/\/tiendadeargan.es\/blog\/wp-content\/uploads\/2017\/08\/TiendaDeArgan_Normal.png","contentUrl":"https:\/\/tiendadeargan.es\/blog\/wp-content\/uploads\/2017\/08\/TiendaDeArgan_Normal.png","width":300,"height":58,"caption":"TiendadeArgan.es"},"image":{"@id":"https:\/\/tiendadeargan.es\/blog\/#\/schema\/logo\/image\/"}},{"@type":"Person","@id":"https:\/\/tiendadeargan.es\/blog\/#\/schema\/person\/6f823cd740f4f6e9eca5ade59ea1402a","name":"Majal","url":"https:\/\/tiendadeargan.es\/blog\/author\/majal\/"}]}},"_links":{"self":[{"href":"https:\/\/tiendadeargan.es\/blog\/wp-json\/wp\/v2\/posts\/115","targetHints":{"allow":["GET"]}}],"collection":[{"href":"https:\/\/tiendadeargan.es\/blog\/wp-json\/wp\/v2\/posts"}],"about":[{"href":"https:\/\/tiendadeargan.es\/blog\/wp-json\/wp\/v2\/types\/post"}],"author":[{"embeddable":true,"href":"https:\/\/tiendadeargan.es\/blog\/wp-json\/wp\/v2\/users\/2"}],"replies":[{"embeddable":true,"href":"https:\/\/tiendadeargan.es\/blog\/wp-json\/wp\/v2\/comments?post=115"}],"version-history":[{"count":0,"href":"https:\/\/tiendadeargan.es\/blog\/wp-json\/wp\/v2\/posts\/115\/revisions"}],"wp:attachment":[{"href":"https:\/\/tiendadeargan.es\/blog\/wp-json\/wp\/v2\/media?parent=115"}],"wp:term":[{"taxonomy":"category","embeddable":true,"href":"https:\/\/tiendadeargan.es\/blog\/wp-json\/wp\/v2\/categories?post=115"},{"taxonomy":"post_tag","embeddable":true,"href":"https:\/\/tiendadeargan.es\/blog\/wp-json\/wp\/v2\/tags?post=115"}],"curies":[{"name":"wp","href":"https:\/\/api.w.org\/{rel}","templated":true}]}}