{"id":1166,"date":"2012-09-13T06:02:10","date_gmt":"2012-09-13T06:02:10","guid":{"rendered":"https:\/\/tiendadeargan.es\/blog\/?p=1166"},"modified":"2017-09-07T12:27:07","modified_gmt":"2017-09-07T12:27:07","slug":"%c2%bfdemasiada-diversion-bajo-el-sol","status":"publish","type":"post","link":"https:\/\/tiendadeargan.es\/blog\/cuidado-de-la-piel\/%c2%bfdemasiada-diversion-bajo-el-sol\/","title":{"rendered":"\u00bfDemasiada Diversi\u00f3n Bajo el sol?"},"content":{"rendered":"<p>Ahora que el verano toca a su fin es el momento de preparar la piel para el oto\u00f1o. El sol, las olas y la arena nos han dejado una gran cantidad de diversi\u00f3n pero seguramente tambi\u00e9n nos haya dejado algunos efectos sobre la piel. de hecho el verano nos trae una gran diversi\u00f3n pero cuando toca hacer inventario de los efectos sobre nuestra piel el tema no es tan divertido. Y seguramente queramos, como siempre, tener nuestra mejor imagen cuando llegue el oto\u00f1o. Por eso vamos a ver algunos consejos para recuperar los da\u00f1os en la piel durante esta estaci\u00f3n.<\/p>\n<ul>\n<li><strong>Es la hora de los limpiadores cremosos.<\/strong> Una vez que llega el oto\u00f1o la temperatura empieza a bajar y bajar durante todo el periodo, cambiando nuestra imagen. Esta bajada de temperatura hace que el aire este mas seco, secando nuestra piel. el fuerte viento que acompa\u00f1a al oto\u00f1o tambi\u00e9n elimina parte de los aceites naturales de la piel, lo que hace que el problema de la piel seca se agrave. La soluci\u00f3n, usar limpiadores cremosos o con elementos nutritivos.<\/li>\n<li><strong>Despierta a tu piel.<\/strong> Una buena ducha es perfecta para animar a tu piel. pero tambi\u00e9n supone eliminar el polvo, la grasa y las toxinas que se acumulan. No te excedas con el calor, y ducha a una temperatura mas bien templada. Para refrescar el cuerpo puedes usar un gel de ba\u00f1o con aceite de menta.<\/li>\n<li><strong>Sellar la nutrici\u00f3n.<\/strong> Justo despu\u00e9s de la ducha es importante sellar la nutrici\u00f3n en la piel. Lo mejor es utilizar para ello el oro liquido de Marruecos conocido como aceite de argan. Este aceite contiene grandes cantidades de \u00e1cidos grasos esenciales y vitamina E, conocida por su poder nutritivo. Tambi\u00e9n contiene esteroles, que ayudan a mantener la nutrici\u00f3n sobre la piel. adem\u00e1s de esta vitamina E el aceite contiene otros antioxidantes como acido Fer\u00falico, carotenos y polifenoles. Estos antioxidantes protegen la piel de los da\u00f1os ambientales y reparan la piel da\u00f1ada durante la \u00e9poca de verano..<\/li>\n<li><strong>Hidrata tu cuerpo<\/strong> Seguramente que durante el verano hayas bebido mucho agua para luchar contra el calor. Este consumo de agua garantiza que tu cuerpo este hidratado durante todo el verano. Pero tambi\u00e9n es importante hidratarse el resto del a\u00f1o. Bebe agua en cantidad y consume frutas y verduras con alto contenido en agua. Prueba a cambiar el caf\u00e9 por un te de hierbas al menos una vez a la semana.<\/li>\n<\/ul>\n","protected":false},"excerpt":{"rendered":"<p>El verano ha sido divertid\u00edsimo, pero por desgracia, ya ha pasado. Ahora llega el oto\u00f1o y hay que prepararse para el frio. Seguramente tengas que reparar los da\u00f1os que el verano ha causado en tu piel. para ayudarte en la tarea te ofrecemos el aceite de arg\u00e1n de Marruecos. Cargado de antioxidantes y nutrientes, este aceite es perfecto para que tu piel se recupere.<\/p>\n","protected":false},"author":2,"featured_media":1518,"comment_status":"open","ping_status":"closed","sticky":false,"template":"","format":"standard","meta":{"footnotes":""},"categories":[3],"tags":[],"class_list":["post-1166","post","type-post","status-publish","format-standard","has-post-thumbnail","hentry","category-cuidado-de-la-piel"],"yoast_head":"<!-- This site is optimized with the Yoast SEO plugin v25.0 - https:\/\/yoast.com\/wordpress\/plugins\/seo\/ -->\n<title>\u00bfDemasiada Diversi\u00f3n Bajo el sol?<\/title>\n<meta name=\"description\" content=\"Deja que el aceite de arg\u00e1n de Marruecos rejuvenezca tu piel. \u00bfTe has pasado con el sol este verano? Conoce lo que necesitas saber para preparar tu piel para el oto\u00f1o.\" \/>\n<meta name=\"robots\" content=\"index, follow, max-snippet:-1, max-image-preview:large, max-video-preview:-1\" \/>\n<link rel=\"canonical\" href=\"https:\/\/tiendadeargan.es\/blog\/cuidado-de-la-piel\/\u00bfdemasiada-diversion-bajo-el-sol\/\" \/>\n<meta property=\"og:locale\" content=\"es_ES\" \/>\n<meta property=\"og:type\" content=\"article\" \/>\n<meta property=\"og:title\" content=\"\u00bfDemasiada Diversi\u00f3n Bajo el sol?\" \/>\n<meta property=\"og:description\" content=\"Deja que el aceite de arg\u00e1n de Marruecos rejuvenezca tu piel. \u00bfTe has pasado con el sol este verano? Conoce lo que necesitas saber para preparar tu piel para el oto\u00f1o.\" \/>\n<meta property=\"og:url\" content=\"https:\/\/tiendadeargan.es\/blog\/cuidado-de-la-piel\/\u00bfdemasiada-diversion-bajo-el-sol\/\" \/>\n<meta property=\"og:site_name\" content=\"Tienda de Argan\" \/>\n<meta property=\"article:published_time\" content=\"2012-09-13T06:02:10+00:00\" \/>\n<meta property=\"article:modified_time\" content=\"2017-09-07T12:27:07+00:00\" \/>\n<meta property=\"og:image\" content=\"https:\/\/tiendadeargan.es\/blog\/wp-content\/uploads\/2012\/09\/Demasiada-Diversi\u00f3n-Bajo-el-sol.jpg\" \/>\n\t<meta property=\"og:image:width\" content=\"670\" \/>\n\t<meta property=\"og:image:height\" content=\"350\" \/>\n\t<meta property=\"og:image:type\" content=\"image\/jpeg\" \/>\n<meta name=\"author\" content=\"Majal\" \/>\n<meta name=\"twitter:card\" content=\"summary_large_image\" \/>\n<meta name=\"twitter:label1\" content=\"Escrito por\" \/>\n\t<meta name=\"twitter:data1\" content=\"Majal\" \/>\n\t<meta name=\"twitter:label2\" content=\"Tiempo de lectura\" \/>\n\t<meta name=\"twitter:data2\" content=\"2 minutos\" \/>\n<script type=\"application\/ld+json\" class=\"yoast-schema-graph\">{\"@context\":\"https:\/\/schema.org\",\"@graph\":[{\"@type\":\"Article\",\"@id\":\"https:\/\/tiendadeargan.es\/blog\/cuidado-de-la-piel\/%c2%bfdemasiada-diversion-bajo-el-sol\/#article\",\"isPartOf\":{\"@id\":\"https:\/\/tiendadeargan.es\/blog\/cuidado-de-la-piel\/%c2%bfdemasiada-diversion-bajo-el-sol\/\"},\"author\":{\"name\":\"Majal\",\"@id\":\"https:\/\/tiendadeargan.es\/blog\/#\/schema\/person\/6f823cd740f4f6e9eca5ade59ea1402a\"},\"headline\":\"\u00bfDemasiada Diversi\u00f3n Bajo el sol?\",\"datePublished\":\"2012-09-13T06:02:10+00:00\",\"dateModified\":\"2017-09-07T12:27:07+00:00\",\"mainEntityOfPage\":{\"@id\":\"https:\/\/tiendadeargan.es\/blog\/cuidado-de-la-piel\/%c2%bfdemasiada-diversion-bajo-el-sol\/\"},\"wordCount\":433,\"commentCount\":0,\"publisher\":{\"@id\":\"https:\/\/tiendadeargan.es\/blog\/#organization\"},\"image\":{\"@id\":\"https:\/\/tiendadeargan.es\/blog\/cuidado-de-la-piel\/%c2%bfdemasiada-diversion-bajo-el-sol\/#primaryimage\"},\"thumbnailUrl\":\"https:\/\/tiendadeargan.es\/blog\/wp-content\/uploads\/2012\/09\/Demasiada-Diversi\u00f3n-Bajo-el-sol.jpg\",\"articleSection\":[\"Cuidado de la Piel\"],\"inLanguage\":\"es\",\"potentialAction\":[{\"@type\":\"CommentAction\",\"name\":\"Comment\",\"target\":[\"https:\/\/tiendadeargan.es\/blog\/cuidado-de-la-piel\/%c2%bfdemasiada-diversion-bajo-el-sol\/#respond\"]}]},{\"@type\":\"WebPage\",\"@id\":\"https:\/\/tiendadeargan.es\/blog\/cuidado-de-la-piel\/%c2%bfdemasiada-diversion-bajo-el-sol\/\",\"url\":\"https:\/\/tiendadeargan.es\/blog\/cuidado-de-la-piel\/%c2%bfdemasiada-diversion-bajo-el-sol\/\",\"name\":\"\u00bfDemasiada Diversi\u00f3n Bajo el sol?\",\"isPartOf\":{\"@id\":\"https:\/\/tiendadeargan.es\/blog\/#website\"},\"primaryImageOfPage\":{\"@id\":\"https:\/\/tiendadeargan.es\/blog\/cuidado-de-la-piel\/%c2%bfdemasiada-diversion-bajo-el-sol\/#primaryimage\"},\"image\":{\"@id\":\"https:\/\/tiendadeargan.es\/blog\/cuidado-de-la-piel\/%c2%bfdemasiada-diversion-bajo-el-sol\/#primaryimage\"},\"thumbnailUrl\":\"https:\/\/tiendadeargan.es\/blog\/wp-content\/uploads\/2012\/09\/Demasiada-Diversi\u00f3n-Bajo-el-sol.jpg\",\"datePublished\":\"2012-09-13T06:02:10+00:00\",\"dateModified\":\"2017-09-07T12:27:07+00:00\",\"description\":\"Deja que el aceite de arg\u00e1n de Marruecos rejuvenezca tu piel. \u00bfTe has pasado con el sol este verano? Conoce lo que necesitas saber para preparar tu piel para el oto\u00f1o.\",\"breadcrumb\":{\"@id\":\"https:\/\/tiendadeargan.es\/blog\/cuidado-de-la-piel\/%c2%bfdemasiada-diversion-bajo-el-sol\/#breadcrumb\"},\"inLanguage\":\"es\",\"potentialAction\":[{\"@type\":\"ReadAction\",\"target\":[\"https:\/\/tiendadeargan.es\/blog\/cuidado-de-la-piel\/%c2%bfdemasiada-diversion-bajo-el-sol\/\"]}]},{\"@type\":\"ImageObject\",\"inLanguage\":\"es\",\"@id\":\"https:\/\/tiendadeargan.es\/blog\/cuidado-de-la-piel\/%c2%bfdemasiada-diversion-bajo-el-sol\/#primaryimage\",\"url\":\"https:\/\/tiendadeargan.es\/blog\/wp-content\/uploads\/2012\/09\/Demasiada-Diversi\u00f3n-Bajo-el-sol.jpg\",\"contentUrl\":\"https:\/\/tiendadeargan.es\/blog\/wp-content\/uploads\/2012\/09\/Demasiada-Diversi\u00f3n-Bajo-el-sol.jpg\",\"width\":670,\"height\":350,\"caption\":\"\u00bfDemasiada Diversi\u00f3n Bajo el sol?\"},{\"@type\":\"BreadcrumbList\",\"@id\":\"https:\/\/tiendadeargan.es\/blog\/cuidado-de-la-piel\/%c2%bfdemasiada-diversion-bajo-el-sol\/#breadcrumb\",\"itemListElement\":[{\"@type\":\"ListItem\",\"position\":1,\"name\":\"Portada\",\"item\":\"https:\/\/tiendadeargan.es\/blog\/\"},{\"@type\":\"ListItem\",\"position\":2,\"name\":\"\u00bfDemasiada Diversi\u00f3n Bajo el sol?\"}]},{\"@type\":\"WebSite\",\"@id\":\"https:\/\/tiendadeargan.es\/blog\/#website\",\"url\":\"https:\/\/tiendadeargan.es\/blog\/\",\"name\":\"Tienda de Argan\",\"description\":\"Ci La Calidad Cuenta\",\"publisher\":{\"@id\":\"https:\/\/tiendadeargan.es\/blog\/#organization\"},\"potentialAction\":[{\"@type\":\"SearchAction\",\"target\":{\"@type\":\"EntryPoint\",\"urlTemplate\":\"https:\/\/tiendadeargan.es\/blog\/?s={search_term_string}\"},\"query-input\":{\"@type\":\"PropertyValueSpecification\",\"valueRequired\":true,\"valueName\":\"search_term_string\"}}],\"inLanguage\":\"es\"},{\"@type\":\"Organization\",\"@id\":\"https:\/\/tiendadeargan.es\/blog\/#organization\",\"name\":\"TiendadeArgan.es\",\"url\":\"https:\/\/tiendadeargan.es\/blog\/\",\"logo\":{\"@type\":\"ImageObject\",\"inLanguage\":\"es\",\"@id\":\"https:\/\/tiendadeargan.es\/blog\/#\/schema\/logo\/image\/\",\"url\":\"https:\/\/tiendadeargan.es\/blog\/wp-content\/uploads\/2017\/08\/TiendaDeArgan_Normal.png\",\"contentUrl\":\"https:\/\/tiendadeargan.es\/blog\/wp-content\/uploads\/2017\/08\/TiendaDeArgan_Normal.png\",\"width\":300,\"height\":58,\"caption\":\"TiendadeArgan.es\"},\"image\":{\"@id\":\"https:\/\/tiendadeargan.es\/blog\/#\/schema\/logo\/image\/\"}},{\"@type\":\"Person\",\"@id\":\"https:\/\/tiendadeargan.es\/blog\/#\/schema\/person\/6f823cd740f4f6e9eca5ade59ea1402a\",\"name\":\"Majal\",\"url\":\"https:\/\/tiendadeargan.es\/blog\/author\/majal\/\"}]}<\/script>\n<!-- \/ Yoast SEO plugin. -->","yoast_head_json":{"title":"\u00bfDemasiada Diversi\u00f3n Bajo el sol?","description":"Deja que el aceite de arg\u00e1n de Marruecos rejuvenezca tu piel. \u00bfTe has pasado con el sol este verano? Conoce lo que necesitas saber para preparar tu piel para el oto\u00f1o.","robots":{"index":"index","follow":"follow","max-snippet":"max-snippet:-1","max-image-preview":"max-image-preview:large","max-video-preview":"max-video-preview:-1"},"canonical":"https:\/\/tiendadeargan.es\/blog\/cuidado-de-la-piel\/\u00bfdemasiada-diversion-bajo-el-sol\/","og_locale":"es_ES","og_type":"article","og_title":"\u00bfDemasiada Diversi\u00f3n Bajo el sol?","og_description":"Deja que el aceite de arg\u00e1n de Marruecos rejuvenezca tu piel. \u00bfTe has pasado con el sol este verano? Conoce lo que necesitas saber para preparar tu piel para el oto\u00f1o.","og_url":"https:\/\/tiendadeargan.es\/blog\/cuidado-de-la-piel\/\u00bfdemasiada-diversion-bajo-el-sol\/","og_site_name":"Tienda de Argan","article_published_time":"2012-09-13T06:02:10+00:00","article_modified_time":"2017-09-07T12:27:07+00:00","og_image":[{"width":670,"height":350,"url":"https:\/\/tiendadeargan.es\/blog\/wp-content\/uploads\/2012\/09\/Demasiada-Diversi\u00f3n-Bajo-el-sol.jpg","type":"image\/jpeg"}],"author":"Majal","twitter_card":"summary_large_image","twitter_misc":{"Escrito por":"Majal","Tiempo de lectura":"2 minutos"},"schema":{"@context":"https:\/\/schema.org","@graph":[{"@type":"Article","@id":"https:\/\/tiendadeargan.es\/blog\/cuidado-de-la-piel\/%c2%bfdemasiada-diversion-bajo-el-sol\/#article","isPartOf":{"@id":"https:\/\/tiendadeargan.es\/blog\/cuidado-de-la-piel\/%c2%bfdemasiada-diversion-bajo-el-sol\/"},"author":{"name":"Majal","@id":"https:\/\/tiendadeargan.es\/blog\/#\/schema\/person\/6f823cd740f4f6e9eca5ade59ea1402a"},"headline":"\u00bfDemasiada Diversi\u00f3n Bajo el sol?","datePublished":"2012-09-13T06:02:10+00:00","dateModified":"2017-09-07T12:27:07+00:00","mainEntityOfPage":{"@id":"https:\/\/tiendadeargan.es\/blog\/cuidado-de-la-piel\/%c2%bfdemasiada-diversion-bajo-el-sol\/"},"wordCount":433,"commentCount":0,"publisher":{"@id":"https:\/\/tiendadeargan.es\/blog\/#organization"},"image":{"@id":"https:\/\/tiendadeargan.es\/blog\/cuidado-de-la-piel\/%c2%bfdemasiada-diversion-bajo-el-sol\/#primaryimage"},"thumbnailUrl":"https:\/\/tiendadeargan.es\/blog\/wp-content\/uploads\/2012\/09\/Demasiada-Diversi\u00f3n-Bajo-el-sol.jpg","articleSection":["Cuidado de la Piel"],"inLanguage":"es","potentialAction":[{"@type":"CommentAction","name":"Comment","target":["https:\/\/tiendadeargan.es\/blog\/cuidado-de-la-piel\/%c2%bfdemasiada-diversion-bajo-el-sol\/#respond"]}]},{"@type":"WebPage","@id":"https:\/\/tiendadeargan.es\/blog\/cuidado-de-la-piel\/%c2%bfdemasiada-diversion-bajo-el-sol\/","url":"https:\/\/tiendadeargan.es\/blog\/cuidado-de-la-piel\/%c2%bfdemasiada-diversion-bajo-el-sol\/","name":"\u00bfDemasiada Diversi\u00f3n Bajo el sol?","isPartOf":{"@id":"https:\/\/tiendadeargan.es\/blog\/#website"},"primaryImageOfPage":{"@id":"https:\/\/tiendadeargan.es\/blog\/cuidado-de-la-piel\/%c2%bfdemasiada-diversion-bajo-el-sol\/#primaryimage"},"image":{"@id":"https:\/\/tiendadeargan.es\/blog\/cuidado-de-la-piel\/%c2%bfdemasiada-diversion-bajo-el-sol\/#primaryimage"},"thumbnailUrl":"https:\/\/tiendadeargan.es\/blog\/wp-content\/uploads\/2012\/09\/Demasiada-Diversi\u00f3n-Bajo-el-sol.jpg","datePublished":"2012-09-13T06:02:10+00:00","dateModified":"2017-09-07T12:27:07+00:00","description":"Deja que el aceite de arg\u00e1n de Marruecos rejuvenezca tu piel. \u00bfTe has pasado con el sol este verano? Conoce lo que necesitas saber para preparar tu piel para el oto\u00f1o.","breadcrumb":{"@id":"https:\/\/tiendadeargan.es\/blog\/cuidado-de-la-piel\/%c2%bfdemasiada-diversion-bajo-el-sol\/#breadcrumb"},"inLanguage":"es","potentialAction":[{"@type":"ReadAction","target":["https:\/\/tiendadeargan.es\/blog\/cuidado-de-la-piel\/%c2%bfdemasiada-diversion-bajo-el-sol\/"]}]},{"@type":"ImageObject","inLanguage":"es","@id":"https:\/\/tiendadeargan.es\/blog\/cuidado-de-la-piel\/%c2%bfdemasiada-diversion-bajo-el-sol\/#primaryimage","url":"https:\/\/tiendadeargan.es\/blog\/wp-content\/uploads\/2012\/09\/Demasiada-Diversi\u00f3n-Bajo-el-sol.jpg","contentUrl":"https:\/\/tiendadeargan.es\/blog\/wp-content\/uploads\/2012\/09\/Demasiada-Diversi\u00f3n-Bajo-el-sol.jpg","width":670,"height":350,"caption":"\u00bfDemasiada Diversi\u00f3n Bajo el sol?"},{"@type":"BreadcrumbList","@id":"https:\/\/tiendadeargan.es\/blog\/cuidado-de-la-piel\/%c2%bfdemasiada-diversion-bajo-el-sol\/#breadcrumb","itemListElement":[{"@type":"ListItem","position":1,"name":"Portada","item":"https:\/\/tiendadeargan.es\/blog\/"},{"@type":"ListItem","position":2,"name":"\u00bfDemasiada Diversi\u00f3n Bajo el sol?"}]},{"@type":"WebSite","@id":"https:\/\/tiendadeargan.es\/blog\/#website","url":"https:\/\/tiendadeargan.es\/blog\/","name":"Tienda de Argan","description":"Ci La Calidad Cuenta","publisher":{"@id":"https:\/\/tiendadeargan.es\/blog\/#organization"},"potentialAction":[{"@type":"SearchAction","target":{"@type":"EntryPoint","urlTemplate":"https:\/\/tiendadeargan.es\/blog\/?s={search_term_string}"},"query-input":{"@type":"PropertyValueSpecification","valueRequired":true,"valueName":"search_term_string"}}],"inLanguage":"es"},{"@type":"Organization","@id":"https:\/\/tiendadeargan.es\/blog\/#organization","name":"TiendadeArgan.es","url":"https:\/\/tiendadeargan.es\/blog\/","logo":{"@type":"ImageObject","inLanguage":"es","@id":"https:\/\/tiendadeargan.es\/blog\/#\/schema\/logo\/image\/","url":"https:\/\/tiendadeargan.es\/blog\/wp-content\/uploads\/2017\/08\/TiendaDeArgan_Normal.png","contentUrl":"https:\/\/tiendadeargan.es\/blog\/wp-content\/uploads\/2017\/08\/TiendaDeArgan_Normal.png","width":300,"height":58,"caption":"TiendadeArgan.es"},"image":{"@id":"https:\/\/tiendadeargan.es\/blog\/#\/schema\/logo\/image\/"}},{"@type":"Person","@id":"https:\/\/tiendadeargan.es\/blog\/#\/schema\/person\/6f823cd740f4f6e9eca5ade59ea1402a","name":"Majal","url":"https:\/\/tiendadeargan.es\/blog\/author\/majal\/"}]}},"_links":{"self":[{"href":"https:\/\/tiendadeargan.es\/blog\/wp-json\/wp\/v2\/posts\/1166","targetHints":{"allow":["GET"]}}],"collection":[{"href":"https:\/\/tiendadeargan.es\/blog\/wp-json\/wp\/v2\/posts"}],"about":[{"href":"https:\/\/tiendadeargan.es\/blog\/wp-json\/wp\/v2\/types\/post"}],"author":[{"embeddable":true,"href":"https:\/\/tiendadeargan.es\/blog\/wp-json\/wp\/v2\/users\/2"}],"replies":[{"embeddable":true,"href":"https:\/\/tiendadeargan.es\/blog\/wp-json\/wp\/v2\/comments?post=1166"}],"version-history":[{"count":0,"href":"https:\/\/tiendadeargan.es\/blog\/wp-json\/wp\/v2\/posts\/1166\/revisions"}],"wp:featuredmedia":[{"embeddable":true,"href":"https:\/\/tiendadeargan.es\/blog\/wp-json\/wp\/v2\/media\/1518"}],"wp:attachment":[{"href":"https:\/\/tiendadeargan.es\/blog\/wp-json\/wp\/v2\/media?parent=1166"}],"wp:term":[{"taxonomy":"category","embeddable":true,"href":"https:\/\/tiendadeargan.es\/blog\/wp-json\/wp\/v2\/categories?post=1166"},{"taxonomy":"post_tag","embeddable":true,"href":"https:\/\/tiendadeargan.es\/blog\/wp-json\/wp\/v2\/tags?post=1166"}],"curies":[{"name":"wp","href":"https:\/\/api.w.org\/{rel}","templated":true}]}}