{"id":1191,"date":"2012-09-25T06:08:59","date_gmt":"2012-09-25T06:08:59","guid":{"rendered":"https:\/\/tiendadeargan.es\/blog\/?p=1191"},"modified":"2017-09-07T11:21:38","modified_gmt":"2017-09-07T11:21:38","slug":"lucha-contra-la-piel-seca-con-aceite-de-argan","status":"publish","type":"post","link":"https:\/\/tiendadeargan.es\/blog\/cuidado-de-la-piel\/lucha-contra-la-piel-seca-con-aceite-de-argan\/","title":{"rendered":"Lucha Contra la Piel Seca con Aceite de Arg\u00e1n"},"content":{"rendered":"<p>Conforme la temperatura se enfr\u00eda, la piel seca se convierte en un problema para mucha gente. Pero tambi\u00e9n el sol, la humedad y la arena provocan sequedad en la piel. Si te has excedido con el sol durante el verano, no es raro que aparezca como consecuencia, la piel seca.<\/p>\n<p>La llegada del oto\u00f1o no tiene piedad con la piel. Una vez que el calor del verano y toda la diversi\u00f3n han quedado atr\u00e1s la mayor preocupaci\u00f3n ahora son esos fr\u00edos vientos que se producen durante el oto\u00f1o y que reducen la temperatura. Estos son los principales causantes de la sequedad de la piel en oto\u00f1o.<\/p>\n<p>As\u00ed que \u00bfC\u00f3mo puedes evitar la sequedad del oto\u00f1o? \u00bfY si por un causal el verano ya se ha encargado de dejar tu piel totalmente seca, como puedes devolverle su brillo natural?<\/p>\n<h2>As\u00ed se Seca la Piel<\/h2>\n<p>En primer lugar es necesario saber por qu\u00e9 la piel se seca. Mucha gente piensa que la piel se seca debido a la falta de aceites esenciales. No es cierto. LA realidad, triste, es que la piel se seca porque no es capaz de retener la hidrataci\u00f3n. La mejor forma de mantener la piel nutrida e hidratada es una rutina de \u201csoak and seal\u201d o \u201cremojar y sellar\u201d. La mejor forma de hidratar la piel es usando una buena crema nutritiva.<\/p>\n<h2>Este es el Momento Perfecto para Nutrir la Piel<\/h2>\n<p>Muchas personas que sufren de piel seca, aun cuando utilizan una crema nutritiva adecuada, porque no la usan en el momento m\u00e1s adecuado. As\u00ed que \u00bfCu\u00e1ndo es el mejor momento para poder usar una crema nutritiva? Pues justo despu\u00e9s de salir de la ducha y secarte un poco. Es importante que sepas que en este momento la piel debe estar algo h\u00fameda, y ese es el momento perfecto para darle a tu piel el mimo de la nutrici\u00f3n.<\/p>\n<h2>Aceite de Arg\u00e1n: Un excelente producto nutritivo para la piel<\/h2>\n<p>Es el momento de descubrir los poderosos efectos nutritivos del aceite de Arg\u00e1n de Marruecos. Este aceite contiene numerosos nutrientes que mantienen la piel bien hidratada frente a los efectos desecantes de todas las estaciones. \u00bfY que hace que el aceite de arg\u00e1n sea una nutritiva tan poderosa? La respuesta est\u00e1 en sus componentes. Por sus elevado contenido en vitamina E, que nutre e hidrata la piel, la mantiene suave y joven. Los \u00e1cidos grasos esenciales tambi\u00e9n tienen poderosas capacidades nutritivas que adem\u00e1s permiten encerrar la nutrici\u00f3n sobre la piel. A esta tarea ayudan los esteroles, que crean una capa sobre la piel que evita que la humedad pueda escapar o evaporarse.<\/p>\n","protected":false},"excerpt":{"rendered":"<p>\u00bfSufres de piel seca? \u00bfEl verano ha dejado tu piel seca y tirante? \u00bfNo es un precio demasiado alto por disfrutar de la diversi\u00f3n? Bueno, el verano es divertido, pero los da\u00f1os que provoca en tu piel no lo son tanto. Pero conforme llega el oto\u00f1o la piel seca puede convertirse en un problema grave. Para mantener la piel seca, suave y bien hidratada m\u00edmala a diario con aceite de Arg\u00e1n de Marruecos. Descubre como este aceite puede mantener tu piel joven para siempre!<\/p>\n","protected":false},"author":2,"featured_media":1485,"comment_status":"open","ping_status":"closed","sticky":false,"template":"","format":"standard","meta":{"footnotes":""},"categories":[3],"tags":[],"class_list":["post-1191","post","type-post","status-publish","format-standard","has-post-thumbnail","hentry","category-cuidado-de-la-piel"],"yoast_head":"<!-- This site is optimized with the Yoast SEO plugin v25.0 - https:\/\/yoast.com\/wordpress\/plugins\/seo\/ -->\n<title>Lucha Contra la Piel Seca con Aceite de Arg\u00e1n<\/title>\n<meta name=\"description\" content=\"Derrota a la piel seca con aceite de Arg\u00e1n de Marruecos! Este aceite esta cargado de nutrientes que eliminan r\u00e1pidamente los problemas de piel seca!\" \/>\n<meta name=\"robots\" content=\"index, follow, max-snippet:-1, max-image-preview:large, max-video-preview:-1\" \/>\n<link rel=\"canonical\" href=\"https:\/\/tiendadeargan.es\/blog\/cuidado-de-la-piel\/lucha-contra-la-piel-seca-con-aceite-de-argan\/\" \/>\n<meta property=\"og:locale\" content=\"es_ES\" \/>\n<meta property=\"og:type\" content=\"article\" \/>\n<meta property=\"og:title\" content=\"Lucha Contra la Piel Seca con Aceite de Arg\u00e1n\" \/>\n<meta property=\"og:description\" content=\"Derrota a la piel seca con aceite de Arg\u00e1n de Marruecos! Este aceite esta cargado de nutrientes que eliminan r\u00e1pidamente los problemas de piel seca!\" \/>\n<meta property=\"og:url\" content=\"https:\/\/tiendadeargan.es\/blog\/cuidado-de-la-piel\/lucha-contra-la-piel-seca-con-aceite-de-argan\/\" \/>\n<meta property=\"og:site_name\" content=\"Tienda de Argan\" \/>\n<meta property=\"article:published_time\" content=\"2012-09-25T06:08:59+00:00\" \/>\n<meta property=\"article:modified_time\" content=\"2017-09-07T11:21:38+00:00\" \/>\n<meta property=\"og:image\" content=\"https:\/\/tiendadeargan.es\/blog\/wp-content\/uploads\/2012\/09\/Lucha-Contra-la-Piel-Seca-con-Aceite-de-Arg\u00e1n.jpg\" \/>\n\t<meta property=\"og:image:width\" content=\"670\" \/>\n\t<meta property=\"og:image:height\" content=\"350\" \/>\n\t<meta property=\"og:image:type\" content=\"image\/jpeg\" \/>\n<meta name=\"author\" content=\"Majal\" \/>\n<meta name=\"twitter:card\" content=\"summary_large_image\" \/>\n<meta name=\"twitter:label1\" content=\"Escrito por\" \/>\n\t<meta name=\"twitter:data1\" content=\"Majal\" \/>\n\t<meta name=\"twitter:label2\" content=\"Tiempo de lectura\" \/>\n\t<meta name=\"twitter:data2\" content=\"2 minutos\" \/>\n<script type=\"application\/ld+json\" class=\"yoast-schema-graph\">{\"@context\":\"https:\/\/schema.org\",\"@graph\":[{\"@type\":\"Article\",\"@id\":\"https:\/\/tiendadeargan.es\/blog\/cuidado-de-la-piel\/lucha-contra-la-piel-seca-con-aceite-de-argan\/#article\",\"isPartOf\":{\"@id\":\"https:\/\/tiendadeargan.es\/blog\/cuidado-de-la-piel\/lucha-contra-la-piel-seca-con-aceite-de-argan\/\"},\"author\":{\"name\":\"Majal\",\"@id\":\"https:\/\/tiendadeargan.es\/blog\/#\/schema\/person\/6f823cd740f4f6e9eca5ade59ea1402a\"},\"headline\":\"Lucha Contra la Piel Seca con Aceite de Arg\u00e1n\",\"datePublished\":\"2012-09-25T06:08:59+00:00\",\"dateModified\":\"2017-09-07T11:21:38+00:00\",\"mainEntityOfPage\":{\"@id\":\"https:\/\/tiendadeargan.es\/blog\/cuidado-de-la-piel\/lucha-contra-la-piel-seca-con-aceite-de-argan\/\"},\"wordCount\":466,\"commentCount\":0,\"publisher\":{\"@id\":\"https:\/\/tiendadeargan.es\/blog\/#organization\"},\"image\":{\"@id\":\"https:\/\/tiendadeargan.es\/blog\/cuidado-de-la-piel\/lucha-contra-la-piel-seca-con-aceite-de-argan\/#primaryimage\"},\"thumbnailUrl\":\"https:\/\/tiendadeargan.es\/blog\/wp-content\/uploads\/2012\/09\/Lucha-Contra-la-Piel-Seca-con-Aceite-de-Arg\u00e1n.jpg\",\"articleSection\":[\"Cuidado de la Piel\"],\"inLanguage\":\"es\",\"potentialAction\":[{\"@type\":\"CommentAction\",\"name\":\"Comment\",\"target\":[\"https:\/\/tiendadeargan.es\/blog\/cuidado-de-la-piel\/lucha-contra-la-piel-seca-con-aceite-de-argan\/#respond\"]}]},{\"@type\":\"WebPage\",\"@id\":\"https:\/\/tiendadeargan.es\/blog\/cuidado-de-la-piel\/lucha-contra-la-piel-seca-con-aceite-de-argan\/\",\"url\":\"https:\/\/tiendadeargan.es\/blog\/cuidado-de-la-piel\/lucha-contra-la-piel-seca-con-aceite-de-argan\/\",\"name\":\"Lucha Contra la Piel Seca con Aceite de Arg\u00e1n\",\"isPartOf\":{\"@id\":\"https:\/\/tiendadeargan.es\/blog\/#website\"},\"primaryImageOfPage\":{\"@id\":\"https:\/\/tiendadeargan.es\/blog\/cuidado-de-la-piel\/lucha-contra-la-piel-seca-con-aceite-de-argan\/#primaryimage\"},\"image\":{\"@id\":\"https:\/\/tiendadeargan.es\/blog\/cuidado-de-la-piel\/lucha-contra-la-piel-seca-con-aceite-de-argan\/#primaryimage\"},\"thumbnailUrl\":\"https:\/\/tiendadeargan.es\/blog\/wp-content\/uploads\/2012\/09\/Lucha-Contra-la-Piel-Seca-con-Aceite-de-Arg\u00e1n.jpg\",\"datePublished\":\"2012-09-25T06:08:59+00:00\",\"dateModified\":\"2017-09-07T11:21:38+00:00\",\"description\":\"Derrota a la piel seca con aceite de Arg\u00e1n de Marruecos! Este aceite esta cargado de nutrientes que eliminan r\u00e1pidamente los problemas de piel seca!\",\"breadcrumb\":{\"@id\":\"https:\/\/tiendadeargan.es\/blog\/cuidado-de-la-piel\/lucha-contra-la-piel-seca-con-aceite-de-argan\/#breadcrumb\"},\"inLanguage\":\"es\",\"potentialAction\":[{\"@type\":\"ReadAction\",\"target\":[\"https:\/\/tiendadeargan.es\/blog\/cuidado-de-la-piel\/lucha-contra-la-piel-seca-con-aceite-de-argan\/\"]}]},{\"@type\":\"ImageObject\",\"inLanguage\":\"es\",\"@id\":\"https:\/\/tiendadeargan.es\/blog\/cuidado-de-la-piel\/lucha-contra-la-piel-seca-con-aceite-de-argan\/#primaryimage\",\"url\":\"https:\/\/tiendadeargan.es\/blog\/wp-content\/uploads\/2012\/09\/Lucha-Contra-la-Piel-Seca-con-Aceite-de-Arg\u00e1n.jpg\",\"contentUrl\":\"https:\/\/tiendadeargan.es\/blog\/wp-content\/uploads\/2012\/09\/Lucha-Contra-la-Piel-Seca-con-Aceite-de-Arg\u00e1n.jpg\",\"width\":670,\"height\":350,\"caption\":\"Lucha Contra la Piel Seca con Aceite de Arg\u00e1n\"},{\"@type\":\"BreadcrumbList\",\"@id\":\"https:\/\/tiendadeargan.es\/blog\/cuidado-de-la-piel\/lucha-contra-la-piel-seca-con-aceite-de-argan\/#breadcrumb\",\"itemListElement\":[{\"@type\":\"ListItem\",\"position\":1,\"name\":\"Portada\",\"item\":\"https:\/\/tiendadeargan.es\/blog\/\"},{\"@type\":\"ListItem\",\"position\":2,\"name\":\"Lucha Contra la Piel Seca con Aceite de Arg\u00e1n\"}]},{\"@type\":\"WebSite\",\"@id\":\"https:\/\/tiendadeargan.es\/blog\/#website\",\"url\":\"https:\/\/tiendadeargan.es\/blog\/\",\"name\":\"Tienda de Argan\",\"description\":\"Ci La Calidad Cuenta\",\"publisher\":{\"@id\":\"https:\/\/tiendadeargan.es\/blog\/#organization\"},\"potentialAction\":[{\"@type\":\"SearchAction\",\"target\":{\"@type\":\"EntryPoint\",\"urlTemplate\":\"https:\/\/tiendadeargan.es\/blog\/?s={search_term_string}\"},\"query-input\":{\"@type\":\"PropertyValueSpecification\",\"valueRequired\":true,\"valueName\":\"search_term_string\"}}],\"inLanguage\":\"es\"},{\"@type\":\"Organization\",\"@id\":\"https:\/\/tiendadeargan.es\/blog\/#organization\",\"name\":\"TiendadeArgan.es\",\"url\":\"https:\/\/tiendadeargan.es\/blog\/\",\"logo\":{\"@type\":\"ImageObject\",\"inLanguage\":\"es\",\"@id\":\"https:\/\/tiendadeargan.es\/blog\/#\/schema\/logo\/image\/\",\"url\":\"https:\/\/tiendadeargan.es\/blog\/wp-content\/uploads\/2017\/08\/TiendaDeArgan_Normal.png\",\"contentUrl\":\"https:\/\/tiendadeargan.es\/blog\/wp-content\/uploads\/2017\/08\/TiendaDeArgan_Normal.png\",\"width\":300,\"height\":58,\"caption\":\"TiendadeArgan.es\"},\"image\":{\"@id\":\"https:\/\/tiendadeargan.es\/blog\/#\/schema\/logo\/image\/\"}},{\"@type\":\"Person\",\"@id\":\"https:\/\/tiendadeargan.es\/blog\/#\/schema\/person\/6f823cd740f4f6e9eca5ade59ea1402a\",\"name\":\"Majal\",\"url\":\"https:\/\/tiendadeargan.es\/blog\/author\/majal\/\"}]}<\/script>\n<!-- \/ Yoast SEO plugin. -->","yoast_head_json":{"title":"Lucha Contra la Piel Seca con Aceite de Arg\u00e1n","description":"Derrota a la piel seca con aceite de Arg\u00e1n de Marruecos! Este aceite esta cargado de nutrientes que eliminan r\u00e1pidamente los problemas de piel seca!","robots":{"index":"index","follow":"follow","max-snippet":"max-snippet:-1","max-image-preview":"max-image-preview:large","max-video-preview":"max-video-preview:-1"},"canonical":"https:\/\/tiendadeargan.es\/blog\/cuidado-de-la-piel\/lucha-contra-la-piel-seca-con-aceite-de-argan\/","og_locale":"es_ES","og_type":"article","og_title":"Lucha Contra la Piel Seca con Aceite de Arg\u00e1n","og_description":"Derrota a la piel seca con aceite de Arg\u00e1n de Marruecos! Este aceite esta cargado de nutrientes que eliminan r\u00e1pidamente los problemas de piel seca!","og_url":"https:\/\/tiendadeargan.es\/blog\/cuidado-de-la-piel\/lucha-contra-la-piel-seca-con-aceite-de-argan\/","og_site_name":"Tienda de Argan","article_published_time":"2012-09-25T06:08:59+00:00","article_modified_time":"2017-09-07T11:21:38+00:00","og_image":[{"width":670,"height":350,"url":"https:\/\/tiendadeargan.es\/blog\/wp-content\/uploads\/2012\/09\/Lucha-Contra-la-Piel-Seca-con-Aceite-de-Arg\u00e1n.jpg","type":"image\/jpeg"}],"author":"Majal","twitter_card":"summary_large_image","twitter_misc":{"Escrito por":"Majal","Tiempo de lectura":"2 minutos"},"schema":{"@context":"https:\/\/schema.org","@graph":[{"@type":"Article","@id":"https:\/\/tiendadeargan.es\/blog\/cuidado-de-la-piel\/lucha-contra-la-piel-seca-con-aceite-de-argan\/#article","isPartOf":{"@id":"https:\/\/tiendadeargan.es\/blog\/cuidado-de-la-piel\/lucha-contra-la-piel-seca-con-aceite-de-argan\/"},"author":{"name":"Majal","@id":"https:\/\/tiendadeargan.es\/blog\/#\/schema\/person\/6f823cd740f4f6e9eca5ade59ea1402a"},"headline":"Lucha Contra la Piel Seca con Aceite de Arg\u00e1n","datePublished":"2012-09-25T06:08:59+00:00","dateModified":"2017-09-07T11:21:38+00:00","mainEntityOfPage":{"@id":"https:\/\/tiendadeargan.es\/blog\/cuidado-de-la-piel\/lucha-contra-la-piel-seca-con-aceite-de-argan\/"},"wordCount":466,"commentCount":0,"publisher":{"@id":"https:\/\/tiendadeargan.es\/blog\/#organization"},"image":{"@id":"https:\/\/tiendadeargan.es\/blog\/cuidado-de-la-piel\/lucha-contra-la-piel-seca-con-aceite-de-argan\/#primaryimage"},"thumbnailUrl":"https:\/\/tiendadeargan.es\/blog\/wp-content\/uploads\/2012\/09\/Lucha-Contra-la-Piel-Seca-con-Aceite-de-Arg\u00e1n.jpg","articleSection":["Cuidado de la Piel"],"inLanguage":"es","potentialAction":[{"@type":"CommentAction","name":"Comment","target":["https:\/\/tiendadeargan.es\/blog\/cuidado-de-la-piel\/lucha-contra-la-piel-seca-con-aceite-de-argan\/#respond"]}]},{"@type":"WebPage","@id":"https:\/\/tiendadeargan.es\/blog\/cuidado-de-la-piel\/lucha-contra-la-piel-seca-con-aceite-de-argan\/","url":"https:\/\/tiendadeargan.es\/blog\/cuidado-de-la-piel\/lucha-contra-la-piel-seca-con-aceite-de-argan\/","name":"Lucha Contra la Piel Seca con Aceite de Arg\u00e1n","isPartOf":{"@id":"https:\/\/tiendadeargan.es\/blog\/#website"},"primaryImageOfPage":{"@id":"https:\/\/tiendadeargan.es\/blog\/cuidado-de-la-piel\/lucha-contra-la-piel-seca-con-aceite-de-argan\/#primaryimage"},"image":{"@id":"https:\/\/tiendadeargan.es\/blog\/cuidado-de-la-piel\/lucha-contra-la-piel-seca-con-aceite-de-argan\/#primaryimage"},"thumbnailUrl":"https:\/\/tiendadeargan.es\/blog\/wp-content\/uploads\/2012\/09\/Lucha-Contra-la-Piel-Seca-con-Aceite-de-Arg\u00e1n.jpg","datePublished":"2012-09-25T06:08:59+00:00","dateModified":"2017-09-07T11:21:38+00:00","description":"Derrota a la piel seca con aceite de Arg\u00e1n de Marruecos! Este aceite esta cargado de nutrientes que eliminan r\u00e1pidamente los problemas de piel seca!","breadcrumb":{"@id":"https:\/\/tiendadeargan.es\/blog\/cuidado-de-la-piel\/lucha-contra-la-piel-seca-con-aceite-de-argan\/#breadcrumb"},"inLanguage":"es","potentialAction":[{"@type":"ReadAction","target":["https:\/\/tiendadeargan.es\/blog\/cuidado-de-la-piel\/lucha-contra-la-piel-seca-con-aceite-de-argan\/"]}]},{"@type":"ImageObject","inLanguage":"es","@id":"https:\/\/tiendadeargan.es\/blog\/cuidado-de-la-piel\/lucha-contra-la-piel-seca-con-aceite-de-argan\/#primaryimage","url":"https:\/\/tiendadeargan.es\/blog\/wp-content\/uploads\/2012\/09\/Lucha-Contra-la-Piel-Seca-con-Aceite-de-Arg\u00e1n.jpg","contentUrl":"https:\/\/tiendadeargan.es\/blog\/wp-content\/uploads\/2012\/09\/Lucha-Contra-la-Piel-Seca-con-Aceite-de-Arg\u00e1n.jpg","width":670,"height":350,"caption":"Lucha Contra la Piel Seca con Aceite de Arg\u00e1n"},{"@type":"BreadcrumbList","@id":"https:\/\/tiendadeargan.es\/blog\/cuidado-de-la-piel\/lucha-contra-la-piel-seca-con-aceite-de-argan\/#breadcrumb","itemListElement":[{"@type":"ListItem","position":1,"name":"Portada","item":"https:\/\/tiendadeargan.es\/blog\/"},{"@type":"ListItem","position":2,"name":"Lucha Contra la Piel Seca con Aceite de Arg\u00e1n"}]},{"@type":"WebSite","@id":"https:\/\/tiendadeargan.es\/blog\/#website","url":"https:\/\/tiendadeargan.es\/blog\/","name":"Tienda de Argan","description":"Ci La Calidad Cuenta","publisher":{"@id":"https:\/\/tiendadeargan.es\/blog\/#organization"},"potentialAction":[{"@type":"SearchAction","target":{"@type":"EntryPoint","urlTemplate":"https:\/\/tiendadeargan.es\/blog\/?s={search_term_string}"},"query-input":{"@type":"PropertyValueSpecification","valueRequired":true,"valueName":"search_term_string"}}],"inLanguage":"es"},{"@type":"Organization","@id":"https:\/\/tiendadeargan.es\/blog\/#organization","name":"TiendadeArgan.es","url":"https:\/\/tiendadeargan.es\/blog\/","logo":{"@type":"ImageObject","inLanguage":"es","@id":"https:\/\/tiendadeargan.es\/blog\/#\/schema\/logo\/image\/","url":"https:\/\/tiendadeargan.es\/blog\/wp-content\/uploads\/2017\/08\/TiendaDeArgan_Normal.png","contentUrl":"https:\/\/tiendadeargan.es\/blog\/wp-content\/uploads\/2017\/08\/TiendaDeArgan_Normal.png","width":300,"height":58,"caption":"TiendadeArgan.es"},"image":{"@id":"https:\/\/tiendadeargan.es\/blog\/#\/schema\/logo\/image\/"}},{"@type":"Person","@id":"https:\/\/tiendadeargan.es\/blog\/#\/schema\/person\/6f823cd740f4f6e9eca5ade59ea1402a","name":"Majal","url":"https:\/\/tiendadeargan.es\/blog\/author\/majal\/"}]}},"_links":{"self":[{"href":"https:\/\/tiendadeargan.es\/blog\/wp-json\/wp\/v2\/posts\/1191","targetHints":{"allow":["GET"]}}],"collection":[{"href":"https:\/\/tiendadeargan.es\/blog\/wp-json\/wp\/v2\/posts"}],"about":[{"href":"https:\/\/tiendadeargan.es\/blog\/wp-json\/wp\/v2\/types\/post"}],"author":[{"embeddable":true,"href":"https:\/\/tiendadeargan.es\/blog\/wp-json\/wp\/v2\/users\/2"}],"replies":[{"embeddable":true,"href":"https:\/\/tiendadeargan.es\/blog\/wp-json\/wp\/v2\/comments?post=1191"}],"version-history":[{"count":0,"href":"https:\/\/tiendadeargan.es\/blog\/wp-json\/wp\/v2\/posts\/1191\/revisions"}],"wp:featuredmedia":[{"embeddable":true,"href":"https:\/\/tiendadeargan.es\/blog\/wp-json\/wp\/v2\/media\/1485"}],"wp:attachment":[{"href":"https:\/\/tiendadeargan.es\/blog\/wp-json\/wp\/v2\/media?parent=1191"}],"wp:term":[{"taxonomy":"category","embeddable":true,"href":"https:\/\/tiendadeargan.es\/blog\/wp-json\/wp\/v2\/categories?post=1191"},{"taxonomy":"post_tag","embeddable":true,"href":"https:\/\/tiendadeargan.es\/blog\/wp-json\/wp\/v2\/tags?post=1191"}],"curies":[{"name":"wp","href":"https:\/\/api.w.org\/{rel}","templated":true}]}}