{"id":1273,"date":"2012-11-01T06:25:46","date_gmt":"2012-11-01T06:25:46","guid":{"rendered":"https:\/\/tiendadeargan.es\/blog\/?p=1273"},"modified":"2017-09-06T11:48:14","modified_gmt":"2017-09-06T11:48:14","slug":"%c2%a1un-peinado-para-cada-ocasion","status":"publish","type":"post","link":"https:\/\/tiendadeargan.es\/blog\/cabello\/%c2%a1un-peinado-para-cada-ocasion\/","title":{"rendered":"\u00a1Un peinado para Cada Ocasi\u00f3n!"},"content":{"rendered":"<p>Cuando somos j\u00f3venes, o muy j\u00f3venes, y todav\u00eda estamos perdiendo dientes de leche y todav\u00eda nos cuesta decir ciertas palabras, nuestra madre suele ser la responsable de nuestro peinado. A menudo recordamos ese punto, que hubi\u00e9semos querido recordar siempre, el momento en que nuestra madre nos da ese ultimo toque. Aunque tambi\u00e9n recordamos ese momento en que queremos escapar por tal de lucir otro peinado al gusto de esa chica que nos gustaba.<\/p>\n<p>De ni\u00f1os tenemos la suerte de tener una peluquera personal, que es nuestra madre claro. No tenemos que preocuparnos por el peinado que tenemos que llevar porque mam\u00e1 siempre esta dispuesta para resolver el problema. Es l\u00f3gico que seg\u00fan envejecemos desarrollemos nuestro propio estilo. Algo que puede llevar a confusiones. Decidir que estilo de peinado es el m\u00e1s adecuado para cada ocasi\u00f3n puede ser dif\u00edcil para los adolescentes. Vamos a darles unas ideas para ayudarles!<\/p>\n<ul>\n<li style=\"list-style-type: none;\">\n<ul>\n<li><strong>La cola de pescado <\/strong><br \/>\nMuchos piensan que este peinado resulta dif\u00edcil de hacer pero la verdad es que es muy sencillo. Solo necesitas algo para sujetar el pelo y que puedas quitarte f\u00e1cilmente. Una horquilla o una goma pueden servir. Solo tienes que dividir la cola de caballo en dos y tomar los extremos de cada una e ir cruz\u00e1ndolos de forma alterna. Una vez que llegues al final es el momento de sujetar con el accesorio que m\u00e1s te guste..<\/li>\n<\/ul>\n<\/li>\n<\/ul>\n<p>&nbsp;<\/p>\n<ul>\n<li style=\"list-style-type: none;\">\n<ul>\n<li><strong>Cola de Caballo<\/strong><br \/>\nLa cola de caballo suele estar relacionada con el mundo del deporte, aunque cada vez es m\u00e1s frecuente ver la cola de caballo entre las mujeres de la alfombra roja. Puedes optar por la opci\u00f3n cl\u00e1sica o a\u00f1adir alguna textura que la haga lucir m\u00e1s atractiva y fresca. Si quieres algo m\u00e1s sofisticado puedes llevar una cola alta y elegante. Es mejor lucir este estilo para una cita nocturna o para una noche de fiesta.<\/li>\n<\/ul>\n<\/li>\n<\/ul>\n<p>&nbsp;<\/p>\n<ul>\n<li><strong>El Estilo Despeinado <\/strong><br \/>\nEn estos d\u00edas el estilo despeinado no es patrimonio exclusivo de las estrellas de rock. Otra opci\u00f3n de este estilo despeinado es el mo\u00f1o despeinado. Este peinado es un comod\u00edn perfecto para muchas ocasiones. Puedes usarlo para cuando entrenes duro en el gimnasio, o para cuando no tengas tiempo de arreglarte demasiado. Para hacer este peinado solo tienes que cogerte una cola de caballo, enrollarla sobre la cabeza y a continuaci\u00f3n dejarla algo suelta para lograr ese efecto despeinado. Necesitaras horquillas para sujetarla al pelo. Deja algunos mechones sueltos en la zona de la nuca.<\/li>\n<\/ul>\n<h2>Un Pelo Sano con Cualquier Estilo<\/h2>\n<p>Para asegurarte de que tu pelo permanece sano, sea cual sea tu estilo, lo mejor es acondicionarlo regularmente con aceite de arg\u00e1n de Marruecos. El aceite de arg\u00e1n de Marruecos esta cargado de vitamina E y numerosos antioxidantes que protegen el pelo frente a las agresiones externas y reparan el pelo ya da\u00f1ado. Por su contenido en \u00e1cidos grasos esenciales este aceite nutre las ra\u00edces y poros del pelo, haci\u00e9ndolo m\u00e1s fuerte.<\/p>\n","protected":false},"excerpt":{"rendered":"<p>\u00bfCrees que es dif\u00edcil decir que peinado es el m\u00e1s adecuado para ti? No te preocupes, no eres la \u00fanica persona con tales dudas. Muchas mujeres tambi\u00e9n tienen dudas sobre que estilo de pelo es m\u00e1s adecuado para cada ocasi\u00f3n. Por eso tenemos algunas ideas para ti. Recuerda que el mejor peinado es el peinado sano, y para eso nada mejor que acondicionarlo con aceite de arg\u00e1n de Marruecos!<\/p>\n","protected":false},"author":2,"featured_media":1353,"comment_status":"open","ping_status":"closed","sticky":false,"template":"","format":"standard","meta":{"footnotes":""},"categories":[5],"tags":[],"class_list":["post-1273","post","type-post","status-publish","format-standard","has-post-thumbnail","hentry","category-cabello"],"yoast_head":"<!-- This site is optimized with the Yoast SEO plugin v25.0 - https:\/\/yoast.com\/wordpress\/plugins\/seo\/ -->\n<title>\u00a1Un peinado para Cada Ocasi\u00f3n!<\/title>\n<meta name=\"description\" content=\"\u00bfNo sabes que peinado es el m\u00e1s adecuado en cada ocasi\u00f3n? Aqu\u00ed te damos algunas pistas! Y no olvides mantener tu pelo sano con aceite de arg\u00e1n de Marruecos \u00a1\" \/>\n<meta name=\"robots\" content=\"index, follow, max-snippet:-1, max-image-preview:large, max-video-preview:-1\" \/>\n<link rel=\"canonical\" href=\"https:\/\/tiendadeargan.es\/blog\/cabello\/\u00a1un-peinado-para-cada-ocasion\/\" \/>\n<meta property=\"og:locale\" content=\"es_ES\" \/>\n<meta property=\"og:type\" content=\"article\" \/>\n<meta property=\"og:title\" content=\"\u00a1Un peinado para Cada Ocasi\u00f3n!\" \/>\n<meta property=\"og:description\" content=\"\u00bfNo sabes que peinado es el m\u00e1s adecuado en cada ocasi\u00f3n? Aqu\u00ed te damos algunas pistas! Y no olvides mantener tu pelo sano con aceite de arg\u00e1n de Marruecos \u00a1\" \/>\n<meta property=\"og:url\" content=\"https:\/\/tiendadeargan.es\/blog\/cabello\/\u00a1un-peinado-para-cada-ocasion\/\" \/>\n<meta property=\"og:site_name\" content=\"Tienda de Argan\" \/>\n<meta property=\"article:published_time\" content=\"2012-11-01T06:25:46+00:00\" \/>\n<meta property=\"article:modified_time\" content=\"2017-09-06T11:48:14+00:00\" \/>\n<meta property=\"og:image\" content=\"https:\/\/tiendadeargan.es\/blog\/wp-content\/uploads\/2012\/11\/peinado-para-Cada-Ocasi\u00f3n.jpg\" \/>\n\t<meta property=\"og:image:width\" content=\"670\" \/>\n\t<meta property=\"og:image:height\" content=\"350\" \/>\n\t<meta property=\"og:image:type\" content=\"image\/jpeg\" \/>\n<meta name=\"author\" content=\"Majal\" \/>\n<meta name=\"twitter:card\" content=\"summary_large_image\" \/>\n<meta name=\"twitter:label1\" content=\"Escrito por\" \/>\n\t<meta name=\"twitter:data1\" content=\"Majal\" \/>\n\t<meta name=\"twitter:label2\" content=\"Tiempo de lectura\" \/>\n\t<meta name=\"twitter:data2\" content=\"3 minutos\" \/>\n<script type=\"application\/ld+json\" class=\"yoast-schema-graph\">{\"@context\":\"https:\/\/schema.org\",\"@graph\":[{\"@type\":\"Article\",\"@id\":\"https:\/\/tiendadeargan.es\/blog\/cabello\/%c2%a1un-peinado-para-cada-ocasion\/#article\",\"isPartOf\":{\"@id\":\"https:\/\/tiendadeargan.es\/blog\/cabello\/%c2%a1un-peinado-para-cada-ocasion\/\"},\"author\":{\"name\":\"Majal\",\"@id\":\"https:\/\/tiendadeargan.es\/blog\/#\/schema\/person\/6f823cd740f4f6e9eca5ade59ea1402a\"},\"headline\":\"\u00a1Un peinado para Cada Ocasi\u00f3n!\",\"datePublished\":\"2012-11-01T06:25:46+00:00\",\"dateModified\":\"2017-09-06T11:48:14+00:00\",\"mainEntityOfPage\":{\"@id\":\"https:\/\/tiendadeargan.es\/blog\/cabello\/%c2%a1un-peinado-para-cada-ocasion\/\"},\"wordCount\":524,\"commentCount\":0,\"publisher\":{\"@id\":\"https:\/\/tiendadeargan.es\/blog\/#organization\"},\"image\":{\"@id\":\"https:\/\/tiendadeargan.es\/blog\/cabello\/%c2%a1un-peinado-para-cada-ocasion\/#primaryimage\"},\"thumbnailUrl\":\"https:\/\/tiendadeargan.es\/blog\/wp-content\/uploads\/2012\/11\/peinado-para-Cada-Ocasi\u00f3n.jpg\",\"articleSection\":[\"Cabello\"],\"inLanguage\":\"es\",\"potentialAction\":[{\"@type\":\"CommentAction\",\"name\":\"Comment\",\"target\":[\"https:\/\/tiendadeargan.es\/blog\/cabello\/%c2%a1un-peinado-para-cada-ocasion\/#respond\"]}]},{\"@type\":\"WebPage\",\"@id\":\"https:\/\/tiendadeargan.es\/blog\/cabello\/%c2%a1un-peinado-para-cada-ocasion\/\",\"url\":\"https:\/\/tiendadeargan.es\/blog\/cabello\/%c2%a1un-peinado-para-cada-ocasion\/\",\"name\":\"\u00a1Un peinado para Cada Ocasi\u00f3n!\",\"isPartOf\":{\"@id\":\"https:\/\/tiendadeargan.es\/blog\/#website\"},\"primaryImageOfPage\":{\"@id\":\"https:\/\/tiendadeargan.es\/blog\/cabello\/%c2%a1un-peinado-para-cada-ocasion\/#primaryimage\"},\"image\":{\"@id\":\"https:\/\/tiendadeargan.es\/blog\/cabello\/%c2%a1un-peinado-para-cada-ocasion\/#primaryimage\"},\"thumbnailUrl\":\"https:\/\/tiendadeargan.es\/blog\/wp-content\/uploads\/2012\/11\/peinado-para-Cada-Ocasi\u00f3n.jpg\",\"datePublished\":\"2012-11-01T06:25:46+00:00\",\"dateModified\":\"2017-09-06T11:48:14+00:00\",\"description\":\"\u00bfNo sabes que peinado es el m\u00e1s adecuado en cada ocasi\u00f3n? Aqu\u00ed te damos algunas pistas! Y no olvides mantener tu pelo sano con aceite de arg\u00e1n de Marruecos \u00a1\",\"breadcrumb\":{\"@id\":\"https:\/\/tiendadeargan.es\/blog\/cabello\/%c2%a1un-peinado-para-cada-ocasion\/#breadcrumb\"},\"inLanguage\":\"es\",\"potentialAction\":[{\"@type\":\"ReadAction\",\"target\":[\"https:\/\/tiendadeargan.es\/blog\/cabello\/%c2%a1un-peinado-para-cada-ocasion\/\"]}]},{\"@type\":\"ImageObject\",\"inLanguage\":\"es\",\"@id\":\"https:\/\/tiendadeargan.es\/blog\/cabello\/%c2%a1un-peinado-para-cada-ocasion\/#primaryimage\",\"url\":\"https:\/\/tiendadeargan.es\/blog\/wp-content\/uploads\/2012\/11\/peinado-para-Cada-Ocasi\u00f3n.jpg\",\"contentUrl\":\"https:\/\/tiendadeargan.es\/blog\/wp-content\/uploads\/2012\/11\/peinado-para-Cada-Ocasi\u00f3n.jpg\",\"width\":670,\"height\":350,\"caption\":\"\u00a1Un peinado para Cada Ocasi\u00f3n!\"},{\"@type\":\"BreadcrumbList\",\"@id\":\"https:\/\/tiendadeargan.es\/blog\/cabello\/%c2%a1un-peinado-para-cada-ocasion\/#breadcrumb\",\"itemListElement\":[{\"@type\":\"ListItem\",\"position\":1,\"name\":\"Portada\",\"item\":\"https:\/\/tiendadeargan.es\/blog\/\"},{\"@type\":\"ListItem\",\"position\":2,\"name\":\"\u00a1Un peinado para Cada Ocasi\u00f3n!\"}]},{\"@type\":\"WebSite\",\"@id\":\"https:\/\/tiendadeargan.es\/blog\/#website\",\"url\":\"https:\/\/tiendadeargan.es\/blog\/\",\"name\":\"Tienda de Argan\",\"description\":\"Ci La Calidad Cuenta\",\"publisher\":{\"@id\":\"https:\/\/tiendadeargan.es\/blog\/#organization\"},\"potentialAction\":[{\"@type\":\"SearchAction\",\"target\":{\"@type\":\"EntryPoint\",\"urlTemplate\":\"https:\/\/tiendadeargan.es\/blog\/?s={search_term_string}\"},\"query-input\":{\"@type\":\"PropertyValueSpecification\",\"valueRequired\":true,\"valueName\":\"search_term_string\"}}],\"inLanguage\":\"es\"},{\"@type\":\"Organization\",\"@id\":\"https:\/\/tiendadeargan.es\/blog\/#organization\",\"name\":\"TiendadeArgan.es\",\"url\":\"https:\/\/tiendadeargan.es\/blog\/\",\"logo\":{\"@type\":\"ImageObject\",\"inLanguage\":\"es\",\"@id\":\"https:\/\/tiendadeargan.es\/blog\/#\/schema\/logo\/image\/\",\"url\":\"https:\/\/tiendadeargan.es\/blog\/wp-content\/uploads\/2017\/08\/TiendaDeArgan_Normal.png\",\"contentUrl\":\"https:\/\/tiendadeargan.es\/blog\/wp-content\/uploads\/2017\/08\/TiendaDeArgan_Normal.png\",\"width\":300,\"height\":58,\"caption\":\"TiendadeArgan.es\"},\"image\":{\"@id\":\"https:\/\/tiendadeargan.es\/blog\/#\/schema\/logo\/image\/\"}},{\"@type\":\"Person\",\"@id\":\"https:\/\/tiendadeargan.es\/blog\/#\/schema\/person\/6f823cd740f4f6e9eca5ade59ea1402a\",\"name\":\"Majal\",\"url\":\"https:\/\/tiendadeargan.es\/blog\/author\/majal\/\"}]}<\/script>\n<!-- \/ Yoast SEO plugin. -->","yoast_head_json":{"title":"\u00a1Un peinado para Cada Ocasi\u00f3n!","description":"\u00bfNo sabes que peinado es el m\u00e1s adecuado en cada ocasi\u00f3n? Aqu\u00ed te damos algunas pistas! Y no olvides mantener tu pelo sano con aceite de arg\u00e1n de Marruecos \u00a1","robots":{"index":"index","follow":"follow","max-snippet":"max-snippet:-1","max-image-preview":"max-image-preview:large","max-video-preview":"max-video-preview:-1"},"canonical":"https:\/\/tiendadeargan.es\/blog\/cabello\/\u00a1un-peinado-para-cada-ocasion\/","og_locale":"es_ES","og_type":"article","og_title":"\u00a1Un peinado para Cada Ocasi\u00f3n!","og_description":"\u00bfNo sabes que peinado es el m\u00e1s adecuado en cada ocasi\u00f3n? Aqu\u00ed te damos algunas pistas! Y no olvides mantener tu pelo sano con aceite de arg\u00e1n de Marruecos \u00a1","og_url":"https:\/\/tiendadeargan.es\/blog\/cabello\/\u00a1un-peinado-para-cada-ocasion\/","og_site_name":"Tienda de Argan","article_published_time":"2012-11-01T06:25:46+00:00","article_modified_time":"2017-09-06T11:48:14+00:00","og_image":[{"width":670,"height":350,"url":"https:\/\/tiendadeargan.es\/blog\/wp-content\/uploads\/2012\/11\/peinado-para-Cada-Ocasi\u00f3n.jpg","type":"image\/jpeg"}],"author":"Majal","twitter_card":"summary_large_image","twitter_misc":{"Escrito por":"Majal","Tiempo de lectura":"3 minutos"},"schema":{"@context":"https:\/\/schema.org","@graph":[{"@type":"Article","@id":"https:\/\/tiendadeargan.es\/blog\/cabello\/%c2%a1un-peinado-para-cada-ocasion\/#article","isPartOf":{"@id":"https:\/\/tiendadeargan.es\/blog\/cabello\/%c2%a1un-peinado-para-cada-ocasion\/"},"author":{"name":"Majal","@id":"https:\/\/tiendadeargan.es\/blog\/#\/schema\/person\/6f823cd740f4f6e9eca5ade59ea1402a"},"headline":"\u00a1Un peinado para Cada Ocasi\u00f3n!","datePublished":"2012-11-01T06:25:46+00:00","dateModified":"2017-09-06T11:48:14+00:00","mainEntityOfPage":{"@id":"https:\/\/tiendadeargan.es\/blog\/cabello\/%c2%a1un-peinado-para-cada-ocasion\/"},"wordCount":524,"commentCount":0,"publisher":{"@id":"https:\/\/tiendadeargan.es\/blog\/#organization"},"image":{"@id":"https:\/\/tiendadeargan.es\/blog\/cabello\/%c2%a1un-peinado-para-cada-ocasion\/#primaryimage"},"thumbnailUrl":"https:\/\/tiendadeargan.es\/blog\/wp-content\/uploads\/2012\/11\/peinado-para-Cada-Ocasi\u00f3n.jpg","articleSection":["Cabello"],"inLanguage":"es","potentialAction":[{"@type":"CommentAction","name":"Comment","target":["https:\/\/tiendadeargan.es\/blog\/cabello\/%c2%a1un-peinado-para-cada-ocasion\/#respond"]}]},{"@type":"WebPage","@id":"https:\/\/tiendadeargan.es\/blog\/cabello\/%c2%a1un-peinado-para-cada-ocasion\/","url":"https:\/\/tiendadeargan.es\/blog\/cabello\/%c2%a1un-peinado-para-cada-ocasion\/","name":"\u00a1Un peinado para Cada Ocasi\u00f3n!","isPartOf":{"@id":"https:\/\/tiendadeargan.es\/blog\/#website"},"primaryImageOfPage":{"@id":"https:\/\/tiendadeargan.es\/blog\/cabello\/%c2%a1un-peinado-para-cada-ocasion\/#primaryimage"},"image":{"@id":"https:\/\/tiendadeargan.es\/blog\/cabello\/%c2%a1un-peinado-para-cada-ocasion\/#primaryimage"},"thumbnailUrl":"https:\/\/tiendadeargan.es\/blog\/wp-content\/uploads\/2012\/11\/peinado-para-Cada-Ocasi\u00f3n.jpg","datePublished":"2012-11-01T06:25:46+00:00","dateModified":"2017-09-06T11:48:14+00:00","description":"\u00bfNo sabes que peinado es el m\u00e1s adecuado en cada ocasi\u00f3n? Aqu\u00ed te damos algunas pistas! Y no olvides mantener tu pelo sano con aceite de arg\u00e1n de Marruecos \u00a1","breadcrumb":{"@id":"https:\/\/tiendadeargan.es\/blog\/cabello\/%c2%a1un-peinado-para-cada-ocasion\/#breadcrumb"},"inLanguage":"es","potentialAction":[{"@type":"ReadAction","target":["https:\/\/tiendadeargan.es\/blog\/cabello\/%c2%a1un-peinado-para-cada-ocasion\/"]}]},{"@type":"ImageObject","inLanguage":"es","@id":"https:\/\/tiendadeargan.es\/blog\/cabello\/%c2%a1un-peinado-para-cada-ocasion\/#primaryimage","url":"https:\/\/tiendadeargan.es\/blog\/wp-content\/uploads\/2012\/11\/peinado-para-Cada-Ocasi\u00f3n.jpg","contentUrl":"https:\/\/tiendadeargan.es\/blog\/wp-content\/uploads\/2012\/11\/peinado-para-Cada-Ocasi\u00f3n.jpg","width":670,"height":350,"caption":"\u00a1Un peinado para Cada Ocasi\u00f3n!"},{"@type":"BreadcrumbList","@id":"https:\/\/tiendadeargan.es\/blog\/cabello\/%c2%a1un-peinado-para-cada-ocasion\/#breadcrumb","itemListElement":[{"@type":"ListItem","position":1,"name":"Portada","item":"https:\/\/tiendadeargan.es\/blog\/"},{"@type":"ListItem","position":2,"name":"\u00a1Un peinado para Cada Ocasi\u00f3n!"}]},{"@type":"WebSite","@id":"https:\/\/tiendadeargan.es\/blog\/#website","url":"https:\/\/tiendadeargan.es\/blog\/","name":"Tienda de Argan","description":"Ci La Calidad Cuenta","publisher":{"@id":"https:\/\/tiendadeargan.es\/blog\/#organization"},"potentialAction":[{"@type":"SearchAction","target":{"@type":"EntryPoint","urlTemplate":"https:\/\/tiendadeargan.es\/blog\/?s={search_term_string}"},"query-input":{"@type":"PropertyValueSpecification","valueRequired":true,"valueName":"search_term_string"}}],"inLanguage":"es"},{"@type":"Organization","@id":"https:\/\/tiendadeargan.es\/blog\/#organization","name":"TiendadeArgan.es","url":"https:\/\/tiendadeargan.es\/blog\/","logo":{"@type":"ImageObject","inLanguage":"es","@id":"https:\/\/tiendadeargan.es\/blog\/#\/schema\/logo\/image\/","url":"https:\/\/tiendadeargan.es\/blog\/wp-content\/uploads\/2017\/08\/TiendaDeArgan_Normal.png","contentUrl":"https:\/\/tiendadeargan.es\/blog\/wp-content\/uploads\/2017\/08\/TiendaDeArgan_Normal.png","width":300,"height":58,"caption":"TiendadeArgan.es"},"image":{"@id":"https:\/\/tiendadeargan.es\/blog\/#\/schema\/logo\/image\/"}},{"@type":"Person","@id":"https:\/\/tiendadeargan.es\/blog\/#\/schema\/person\/6f823cd740f4f6e9eca5ade59ea1402a","name":"Majal","url":"https:\/\/tiendadeargan.es\/blog\/author\/majal\/"}]}},"_links":{"self":[{"href":"https:\/\/tiendadeargan.es\/blog\/wp-json\/wp\/v2\/posts\/1273","targetHints":{"allow":["GET"]}}],"collection":[{"href":"https:\/\/tiendadeargan.es\/blog\/wp-json\/wp\/v2\/posts"}],"about":[{"href":"https:\/\/tiendadeargan.es\/blog\/wp-json\/wp\/v2\/types\/post"}],"author":[{"embeddable":true,"href":"https:\/\/tiendadeargan.es\/blog\/wp-json\/wp\/v2\/users\/2"}],"replies":[{"embeddable":true,"href":"https:\/\/tiendadeargan.es\/blog\/wp-json\/wp\/v2\/comments?post=1273"}],"version-history":[{"count":0,"href":"https:\/\/tiendadeargan.es\/blog\/wp-json\/wp\/v2\/posts\/1273\/revisions"}],"wp:featuredmedia":[{"embeddable":true,"href":"https:\/\/tiendadeargan.es\/blog\/wp-json\/wp\/v2\/media\/1353"}],"wp:attachment":[{"href":"https:\/\/tiendadeargan.es\/blog\/wp-json\/wp\/v2\/media?parent=1273"}],"wp:term":[{"taxonomy":"category","embeddable":true,"href":"https:\/\/tiendadeargan.es\/blog\/wp-json\/wp\/v2\/categories?post=1273"},{"taxonomy":"post_tag","embeddable":true,"href":"https:\/\/tiendadeargan.es\/blog\/wp-json\/wp\/v2\/tags?post=1273"}],"curies":[{"name":"wp","href":"https:\/\/api.w.org\/{rel}","templated":true}]}}