{"id":584,"date":"2012-02-02T06:59:09","date_gmt":"2012-02-02T06:59:09","guid":{"rendered":"https:\/\/tiendadeargan.es\/blog\/?p=584"},"modified":"2017-09-18T04:43:02","modified_gmt":"2017-09-18T04:43:02","slug":"cambia-tu-pelo-sin-necesidad-de-tintes-ni-cortes","status":"publish","type":"post","link":"https:\/\/tiendadeargan.es\/blog\/cabello\/cambia-tu-pelo-sin-necesidad-de-tintes-ni-cortes\/","title":{"rendered":"Cambia tu pelo sin necesidad de tintes ni cortes"},"content":{"rendered":"<p>Las mujeres adoran cambiar de peinado y les encanta cambiar de imagen. Muchas son las que, cuando se les habla de peinados piensan autom\u00e1ticamente en un corte de pelo o en darse un tinte. Pues bien, un cambio de peinado no siempre va aparejado a estas dos cuestiones<\/p>\n<p>Trucos para cambiar tu peinado!<\/p>\n<ul>\n<li style=\"list-style-type: none;\">\n<ul>\n<li><strong>Uso de extensiones por clip<\/strong> &#8211; Si no quieres gastar demasiado dinero en un sal\u00f3n por tal de tener un nuevo peinado o si no estas segura de c\u00f3mo cambiar tu imagen entonces las extensiones son tu aliado perfecto.Este truco no es muy caro. De hecho puede salir por menos de 50 d\u00f3lares!<br \/>\nPuesto que no es mas que un clip puedes usarlos sin mas problemas y todo lo que desees.<\/li>\n<\/ul>\n<\/li>\n<\/ul>\n<ul>\n<li style=\"list-style-type: none;\">\n<ul>\n<li><strong>Imita los mo\u00f1os medios de Mila Kunis<\/strong> &#8211; Estos mo\u00f1os son muy atractivos. Seguramente hayas visto a la sexy y atractiva Mila Kunis lucir un nuevo mo\u00f1o bajo que le hace lucir espectacular. Tu tambi\u00e9n puedes lucir igual de bien que ella!<br \/>\nSeguramente necesites unas gotas de brillantina para poder conseguir este magnifico peinado. Aseg\u00farate de esperar a que el pelo se quede antes aplicarlo. Puedes encontrar productos de este tipo por menos de 25 d\u00f3lares que es un precio realmente barato!Tras aplicarlo sobre el pelo todo lo que tienes que hacer es un usar un cepillo plano sobre el pelo y recogerlo como en una cola de caballo aunque en este punto sea una cola baja. No te preocupes si te escapa algo de pelo mientras te lo haces porque ese pelo acent\u00faa aun mas el peinado.<\/p>\n<p>Una vez enrolada la cola solo tienes que asegurarla con unas horquillas o similares. Modela el mo\u00f1o con las manos para lograr ese toque especial que llame la atenci\u00f3n de todos.<\/li>\n<\/ul>\n<\/li>\n<\/ul>\n<ul>\n<li style=\"list-style-type: none;\">\n<ul>\n<li><strong> Se como Kate<\/strong> &#8211; Seguramente est\u00e9s pensando en su Majestad Kate Duquesa de Cambridge, pero en este caso hablamos de Kate Bosworth. Kate Bosworth es pr\u00e1cticamente una mas de la realeza con su tranzado de arriba abajo.<br \/>\nAunque este trenzado incluye un toque lateral que recuerda a d\u00edas pasado de bohemia, simplemente es un peinado cl\u00e1sico que pega con Kate. Seguramente est\u00e9s deseando saber como poder hacerte este peinado. Lo primero es repartir el pelo de lado a lado partiendo desde la nuca. Si sabes de lo que hablamos cuando nombramos una trenza francesa ya sabes lo que estamos hablando.Usa clips u horquillas para asegurar la trenza en la parte trasera de la cabeza. Con el resto del pelo hazte un mo\u00f1o alto sobre la cola para darle un toque especial y vuelve a asegurarlo con horquillas.<\/li>\n<\/ul>\n<\/li>\n<\/ul>\n<p>Con todos estos peinados es posible que tu pelo se da\u00f1e. Puedes devolverlo a tu salud natural con un poco de aceite de arg\u00e1n. Acondiciona tu pelo en profundidad cada dos semanas.<\/p>\n","protected":false},"excerpt":{"rendered":"<p>Las mujeres adoran cambiar de peinado y les encanta cambiar de imagen. Muchas son las que, cuando se les habla de peinados piensan autom\u00e1ticamente en un corte de pelo o en darse un tinte. Pues bien, un cambio de peinado no siempre va aparejado a estas dos cuestiones Trucos para cambiar tu peinado! Uso de [&hellip;]<\/p>\n","protected":false},"author":2,"featured_media":1910,"comment_status":"open","ping_status":"closed","sticky":false,"template":"","format":"standard","meta":{"footnotes":""},"categories":[5],"tags":[],"class_list":["post-584","post","type-post","status-publish","format-standard","has-post-thumbnail","hentry","category-cabello"],"yoast_head":"<!-- This site is optimized with the Yoast SEO plugin v25.0 - https:\/\/yoast.com\/wordpress\/plugins\/seo\/ -->\n<title>Cambia tu pelo sin necesidad de tintes ni cortes<\/title>\n<meta name=\"description\" content=\"aseg\u00farate de darle a tu pelo el descanso que necesita y compl\u00e9talo con un toque aceite de Arg\u00e1n para darle una recuperaci\u00f3n en el frio del invierno. Disfruta de un pelo saludable durante todo el verano con estos sencillos consejos.\" \/>\n<meta name=\"robots\" content=\"index, follow, max-snippet:-1, max-image-preview:large, max-video-preview:-1\" \/>\n<link rel=\"canonical\" href=\"https:\/\/tiendadeargan.es\/blog\/cabello\/cambia-tu-pelo-sin-necesidad-de-tintes-ni-cortes\/\" \/>\n<meta property=\"og:locale\" content=\"es_ES\" \/>\n<meta property=\"og:type\" content=\"article\" \/>\n<meta property=\"og:title\" content=\"Cambia tu pelo sin necesidad de tintes ni cortes\" \/>\n<meta property=\"og:description\" content=\"aseg\u00farate de darle a tu pelo el descanso que necesita y compl\u00e9talo con un toque aceite de Arg\u00e1n para darle una recuperaci\u00f3n en el frio del invierno. Disfruta de un pelo saludable durante todo el verano con estos sencillos consejos.\" \/>\n<meta property=\"og:url\" content=\"https:\/\/tiendadeargan.es\/blog\/cabello\/cambia-tu-pelo-sin-necesidad-de-tintes-ni-cortes\/\" \/>\n<meta property=\"og:site_name\" content=\"Tienda de Argan\" \/>\n<meta property=\"article:published_time\" content=\"2012-02-02T06:59:09+00:00\" \/>\n<meta property=\"article:modified_time\" content=\"2017-09-18T04:43:02+00:00\" \/>\n<meta property=\"og:image\" content=\"https:\/\/tiendadeargan.es\/blog\/wp-content\/uploads\/2012\/02\/cambia-tu-pelo-sin-necesidad-de-tintes-ni-cortes.jpg\" \/>\n\t<meta property=\"og:image:width\" content=\"670\" \/>\n\t<meta property=\"og:image:height\" content=\"350\" \/>\n\t<meta property=\"og:image:type\" content=\"image\/jpeg\" \/>\n<meta name=\"author\" content=\"Majal\" \/>\n<meta name=\"twitter:card\" content=\"summary_large_image\" \/>\n<meta name=\"twitter:label1\" content=\"Escrito por\" \/>\n\t<meta name=\"twitter:data1\" content=\"Majal\" \/>\n\t<meta name=\"twitter:label2\" content=\"Tiempo de lectura\" \/>\n\t<meta name=\"twitter:data2\" content=\"2 minutos\" \/>\n<script type=\"application\/ld+json\" class=\"yoast-schema-graph\">{\"@context\":\"https:\/\/schema.org\",\"@graph\":[{\"@type\":\"Article\",\"@id\":\"https:\/\/tiendadeargan.es\/blog\/cabello\/cambia-tu-pelo-sin-necesidad-de-tintes-ni-cortes\/#article\",\"isPartOf\":{\"@id\":\"https:\/\/tiendadeargan.es\/blog\/cabello\/cambia-tu-pelo-sin-necesidad-de-tintes-ni-cortes\/\"},\"author\":{\"name\":\"Majal\",\"@id\":\"https:\/\/tiendadeargan.es\/blog\/#\/schema\/person\/6f823cd740f4f6e9eca5ade59ea1402a\"},\"headline\":\"Cambia tu pelo sin necesidad de tintes ni cortes\",\"datePublished\":\"2012-02-02T06:59:09+00:00\",\"dateModified\":\"2017-09-18T04:43:02+00:00\",\"mainEntityOfPage\":{\"@id\":\"https:\/\/tiendadeargan.es\/blog\/cabello\/cambia-tu-pelo-sin-necesidad-de-tintes-ni-cortes\/\"},\"wordCount\":493,\"commentCount\":0,\"publisher\":{\"@id\":\"https:\/\/tiendadeargan.es\/blog\/#organization\"},\"image\":{\"@id\":\"https:\/\/tiendadeargan.es\/blog\/cabello\/cambia-tu-pelo-sin-necesidad-de-tintes-ni-cortes\/#primaryimage\"},\"thumbnailUrl\":\"https:\/\/tiendadeargan.es\/blog\/wp-content\/uploads\/2012\/02\/cambia-tu-pelo-sin-necesidad-de-tintes-ni-cortes.jpg\",\"articleSection\":[\"Cabello\"],\"inLanguage\":\"es\",\"potentialAction\":[{\"@type\":\"CommentAction\",\"name\":\"Comment\",\"target\":[\"https:\/\/tiendadeargan.es\/blog\/cabello\/cambia-tu-pelo-sin-necesidad-de-tintes-ni-cortes\/#respond\"]}]},{\"@type\":\"WebPage\",\"@id\":\"https:\/\/tiendadeargan.es\/blog\/cabello\/cambia-tu-pelo-sin-necesidad-de-tintes-ni-cortes\/\",\"url\":\"https:\/\/tiendadeargan.es\/blog\/cabello\/cambia-tu-pelo-sin-necesidad-de-tintes-ni-cortes\/\",\"name\":\"Cambia tu pelo sin necesidad de tintes ni cortes\",\"isPartOf\":{\"@id\":\"https:\/\/tiendadeargan.es\/blog\/#website\"},\"primaryImageOfPage\":{\"@id\":\"https:\/\/tiendadeargan.es\/blog\/cabello\/cambia-tu-pelo-sin-necesidad-de-tintes-ni-cortes\/#primaryimage\"},\"image\":{\"@id\":\"https:\/\/tiendadeargan.es\/blog\/cabello\/cambia-tu-pelo-sin-necesidad-de-tintes-ni-cortes\/#primaryimage\"},\"thumbnailUrl\":\"https:\/\/tiendadeargan.es\/blog\/wp-content\/uploads\/2012\/02\/cambia-tu-pelo-sin-necesidad-de-tintes-ni-cortes.jpg\",\"datePublished\":\"2012-02-02T06:59:09+00:00\",\"dateModified\":\"2017-09-18T04:43:02+00:00\",\"description\":\"aseg\u00farate de darle a tu pelo el descanso que necesita y compl\u00e9talo con un toque aceite de Arg\u00e1n para darle una recuperaci\u00f3n en el frio del invierno. Disfruta de un pelo saludable durante todo el verano con estos sencillos consejos.\",\"breadcrumb\":{\"@id\":\"https:\/\/tiendadeargan.es\/blog\/cabello\/cambia-tu-pelo-sin-necesidad-de-tintes-ni-cortes\/#breadcrumb\"},\"inLanguage\":\"es\",\"potentialAction\":[{\"@type\":\"ReadAction\",\"target\":[\"https:\/\/tiendadeargan.es\/blog\/cabello\/cambia-tu-pelo-sin-necesidad-de-tintes-ni-cortes\/\"]}]},{\"@type\":\"ImageObject\",\"inLanguage\":\"es\",\"@id\":\"https:\/\/tiendadeargan.es\/blog\/cabello\/cambia-tu-pelo-sin-necesidad-de-tintes-ni-cortes\/#primaryimage\",\"url\":\"https:\/\/tiendadeargan.es\/blog\/wp-content\/uploads\/2012\/02\/cambia-tu-pelo-sin-necesidad-de-tintes-ni-cortes.jpg\",\"contentUrl\":\"https:\/\/tiendadeargan.es\/blog\/wp-content\/uploads\/2012\/02\/cambia-tu-pelo-sin-necesidad-de-tintes-ni-cortes.jpg\",\"width\":670,\"height\":350,\"caption\":\"Cambia tu pelo sin necesidad de tintes ni cortes\"},{\"@type\":\"BreadcrumbList\",\"@id\":\"https:\/\/tiendadeargan.es\/blog\/cabello\/cambia-tu-pelo-sin-necesidad-de-tintes-ni-cortes\/#breadcrumb\",\"itemListElement\":[{\"@type\":\"ListItem\",\"position\":1,\"name\":\"Portada\",\"item\":\"https:\/\/tiendadeargan.es\/blog\/\"},{\"@type\":\"ListItem\",\"position\":2,\"name\":\"Cambia tu pelo sin necesidad de tintes ni cortes\"}]},{\"@type\":\"WebSite\",\"@id\":\"https:\/\/tiendadeargan.es\/blog\/#website\",\"url\":\"https:\/\/tiendadeargan.es\/blog\/\",\"name\":\"Tienda de Argan\",\"description\":\"Ci La Calidad Cuenta\",\"publisher\":{\"@id\":\"https:\/\/tiendadeargan.es\/blog\/#organization\"},\"potentialAction\":[{\"@type\":\"SearchAction\",\"target\":{\"@type\":\"EntryPoint\",\"urlTemplate\":\"https:\/\/tiendadeargan.es\/blog\/?s={search_term_string}\"},\"query-input\":{\"@type\":\"PropertyValueSpecification\",\"valueRequired\":true,\"valueName\":\"search_term_string\"}}],\"inLanguage\":\"es\"},{\"@type\":\"Organization\",\"@id\":\"https:\/\/tiendadeargan.es\/blog\/#organization\",\"name\":\"TiendadeArgan.es\",\"url\":\"https:\/\/tiendadeargan.es\/blog\/\",\"logo\":{\"@type\":\"ImageObject\",\"inLanguage\":\"es\",\"@id\":\"https:\/\/tiendadeargan.es\/blog\/#\/schema\/logo\/image\/\",\"url\":\"https:\/\/tiendadeargan.es\/blog\/wp-content\/uploads\/2017\/08\/TiendaDeArgan_Normal.png\",\"contentUrl\":\"https:\/\/tiendadeargan.es\/blog\/wp-content\/uploads\/2017\/08\/TiendaDeArgan_Normal.png\",\"width\":300,\"height\":58,\"caption\":\"TiendadeArgan.es\"},\"image\":{\"@id\":\"https:\/\/tiendadeargan.es\/blog\/#\/schema\/logo\/image\/\"}},{\"@type\":\"Person\",\"@id\":\"https:\/\/tiendadeargan.es\/blog\/#\/schema\/person\/6f823cd740f4f6e9eca5ade59ea1402a\",\"name\":\"Majal\",\"url\":\"https:\/\/tiendadeargan.es\/blog\/author\/majal\/\"}]}<\/script>\n<!-- \/ Yoast SEO plugin. -->","yoast_head_json":{"title":"Cambia tu pelo sin necesidad de tintes ni cortes","description":"aseg\u00farate de darle a tu pelo el descanso que necesita y compl\u00e9talo con un toque aceite de Arg\u00e1n para darle una recuperaci\u00f3n en el frio del invierno. Disfruta de un pelo saludable durante todo el verano con estos sencillos consejos.","robots":{"index":"index","follow":"follow","max-snippet":"max-snippet:-1","max-image-preview":"max-image-preview:large","max-video-preview":"max-video-preview:-1"},"canonical":"https:\/\/tiendadeargan.es\/blog\/cabello\/cambia-tu-pelo-sin-necesidad-de-tintes-ni-cortes\/","og_locale":"es_ES","og_type":"article","og_title":"Cambia tu pelo sin necesidad de tintes ni cortes","og_description":"aseg\u00farate de darle a tu pelo el descanso que necesita y compl\u00e9talo con un toque aceite de Arg\u00e1n para darle una recuperaci\u00f3n en el frio del invierno. Disfruta de un pelo saludable durante todo el verano con estos sencillos consejos.","og_url":"https:\/\/tiendadeargan.es\/blog\/cabello\/cambia-tu-pelo-sin-necesidad-de-tintes-ni-cortes\/","og_site_name":"Tienda de Argan","article_published_time":"2012-02-02T06:59:09+00:00","article_modified_time":"2017-09-18T04:43:02+00:00","og_image":[{"width":670,"height":350,"url":"https:\/\/tiendadeargan.es\/blog\/wp-content\/uploads\/2012\/02\/cambia-tu-pelo-sin-necesidad-de-tintes-ni-cortes.jpg","type":"image\/jpeg"}],"author":"Majal","twitter_card":"summary_large_image","twitter_misc":{"Escrito por":"Majal","Tiempo de lectura":"2 minutos"},"schema":{"@context":"https:\/\/schema.org","@graph":[{"@type":"Article","@id":"https:\/\/tiendadeargan.es\/blog\/cabello\/cambia-tu-pelo-sin-necesidad-de-tintes-ni-cortes\/#article","isPartOf":{"@id":"https:\/\/tiendadeargan.es\/blog\/cabello\/cambia-tu-pelo-sin-necesidad-de-tintes-ni-cortes\/"},"author":{"name":"Majal","@id":"https:\/\/tiendadeargan.es\/blog\/#\/schema\/person\/6f823cd740f4f6e9eca5ade59ea1402a"},"headline":"Cambia tu pelo sin necesidad de tintes ni cortes","datePublished":"2012-02-02T06:59:09+00:00","dateModified":"2017-09-18T04:43:02+00:00","mainEntityOfPage":{"@id":"https:\/\/tiendadeargan.es\/blog\/cabello\/cambia-tu-pelo-sin-necesidad-de-tintes-ni-cortes\/"},"wordCount":493,"commentCount":0,"publisher":{"@id":"https:\/\/tiendadeargan.es\/blog\/#organization"},"image":{"@id":"https:\/\/tiendadeargan.es\/blog\/cabello\/cambia-tu-pelo-sin-necesidad-de-tintes-ni-cortes\/#primaryimage"},"thumbnailUrl":"https:\/\/tiendadeargan.es\/blog\/wp-content\/uploads\/2012\/02\/cambia-tu-pelo-sin-necesidad-de-tintes-ni-cortes.jpg","articleSection":["Cabello"],"inLanguage":"es","potentialAction":[{"@type":"CommentAction","name":"Comment","target":["https:\/\/tiendadeargan.es\/blog\/cabello\/cambia-tu-pelo-sin-necesidad-de-tintes-ni-cortes\/#respond"]}]},{"@type":"WebPage","@id":"https:\/\/tiendadeargan.es\/blog\/cabello\/cambia-tu-pelo-sin-necesidad-de-tintes-ni-cortes\/","url":"https:\/\/tiendadeargan.es\/blog\/cabello\/cambia-tu-pelo-sin-necesidad-de-tintes-ni-cortes\/","name":"Cambia tu pelo sin necesidad de tintes ni cortes","isPartOf":{"@id":"https:\/\/tiendadeargan.es\/blog\/#website"},"primaryImageOfPage":{"@id":"https:\/\/tiendadeargan.es\/blog\/cabello\/cambia-tu-pelo-sin-necesidad-de-tintes-ni-cortes\/#primaryimage"},"image":{"@id":"https:\/\/tiendadeargan.es\/blog\/cabello\/cambia-tu-pelo-sin-necesidad-de-tintes-ni-cortes\/#primaryimage"},"thumbnailUrl":"https:\/\/tiendadeargan.es\/blog\/wp-content\/uploads\/2012\/02\/cambia-tu-pelo-sin-necesidad-de-tintes-ni-cortes.jpg","datePublished":"2012-02-02T06:59:09+00:00","dateModified":"2017-09-18T04:43:02+00:00","description":"aseg\u00farate de darle a tu pelo el descanso que necesita y compl\u00e9talo con un toque aceite de Arg\u00e1n para darle una recuperaci\u00f3n en el frio del invierno. Disfruta de un pelo saludable durante todo el verano con estos sencillos consejos.","breadcrumb":{"@id":"https:\/\/tiendadeargan.es\/blog\/cabello\/cambia-tu-pelo-sin-necesidad-de-tintes-ni-cortes\/#breadcrumb"},"inLanguage":"es","potentialAction":[{"@type":"ReadAction","target":["https:\/\/tiendadeargan.es\/blog\/cabello\/cambia-tu-pelo-sin-necesidad-de-tintes-ni-cortes\/"]}]},{"@type":"ImageObject","inLanguage":"es","@id":"https:\/\/tiendadeargan.es\/blog\/cabello\/cambia-tu-pelo-sin-necesidad-de-tintes-ni-cortes\/#primaryimage","url":"https:\/\/tiendadeargan.es\/blog\/wp-content\/uploads\/2012\/02\/cambia-tu-pelo-sin-necesidad-de-tintes-ni-cortes.jpg","contentUrl":"https:\/\/tiendadeargan.es\/blog\/wp-content\/uploads\/2012\/02\/cambia-tu-pelo-sin-necesidad-de-tintes-ni-cortes.jpg","width":670,"height":350,"caption":"Cambia tu pelo sin necesidad de tintes ni cortes"},{"@type":"BreadcrumbList","@id":"https:\/\/tiendadeargan.es\/blog\/cabello\/cambia-tu-pelo-sin-necesidad-de-tintes-ni-cortes\/#breadcrumb","itemListElement":[{"@type":"ListItem","position":1,"name":"Portada","item":"https:\/\/tiendadeargan.es\/blog\/"},{"@type":"ListItem","position":2,"name":"Cambia tu pelo sin necesidad de tintes ni cortes"}]},{"@type":"WebSite","@id":"https:\/\/tiendadeargan.es\/blog\/#website","url":"https:\/\/tiendadeargan.es\/blog\/","name":"Tienda de Argan","description":"Ci La Calidad Cuenta","publisher":{"@id":"https:\/\/tiendadeargan.es\/blog\/#organization"},"potentialAction":[{"@type":"SearchAction","target":{"@type":"EntryPoint","urlTemplate":"https:\/\/tiendadeargan.es\/blog\/?s={search_term_string}"},"query-input":{"@type":"PropertyValueSpecification","valueRequired":true,"valueName":"search_term_string"}}],"inLanguage":"es"},{"@type":"Organization","@id":"https:\/\/tiendadeargan.es\/blog\/#organization","name":"TiendadeArgan.es","url":"https:\/\/tiendadeargan.es\/blog\/","logo":{"@type":"ImageObject","inLanguage":"es","@id":"https:\/\/tiendadeargan.es\/blog\/#\/schema\/logo\/image\/","url":"https:\/\/tiendadeargan.es\/blog\/wp-content\/uploads\/2017\/08\/TiendaDeArgan_Normal.png","contentUrl":"https:\/\/tiendadeargan.es\/blog\/wp-content\/uploads\/2017\/08\/TiendaDeArgan_Normal.png","width":300,"height":58,"caption":"TiendadeArgan.es"},"image":{"@id":"https:\/\/tiendadeargan.es\/blog\/#\/schema\/logo\/image\/"}},{"@type":"Person","@id":"https:\/\/tiendadeargan.es\/blog\/#\/schema\/person\/6f823cd740f4f6e9eca5ade59ea1402a","name":"Majal","url":"https:\/\/tiendadeargan.es\/blog\/author\/majal\/"}]}},"_links":{"self":[{"href":"https:\/\/tiendadeargan.es\/blog\/wp-json\/wp\/v2\/posts\/584","targetHints":{"allow":["GET"]}}],"collection":[{"href":"https:\/\/tiendadeargan.es\/blog\/wp-json\/wp\/v2\/posts"}],"about":[{"href":"https:\/\/tiendadeargan.es\/blog\/wp-json\/wp\/v2\/types\/post"}],"author":[{"embeddable":true,"href":"https:\/\/tiendadeargan.es\/blog\/wp-json\/wp\/v2\/users\/2"}],"replies":[{"embeddable":true,"href":"https:\/\/tiendadeargan.es\/blog\/wp-json\/wp\/v2\/comments?post=584"}],"version-history":[{"count":0,"href":"https:\/\/tiendadeargan.es\/blog\/wp-json\/wp\/v2\/posts\/584\/revisions"}],"wp:featuredmedia":[{"embeddable":true,"href":"https:\/\/tiendadeargan.es\/blog\/wp-json\/wp\/v2\/media\/1910"}],"wp:attachment":[{"href":"https:\/\/tiendadeargan.es\/blog\/wp-json\/wp\/v2\/media?parent=584"}],"wp:term":[{"taxonomy":"category","embeddable":true,"href":"https:\/\/tiendadeargan.es\/blog\/wp-json\/wp\/v2\/categories?post=584"},{"taxonomy":"post_tag","embeddable":true,"href":"https:\/\/tiendadeargan.es\/blog\/wp-json\/wp\/v2\/tags?post=584"}],"curies":[{"name":"wp","href":"https:\/\/api.w.org\/{rel}","templated":true}]}}