{"id":712,"date":"2012-03-16T05:55:50","date_gmt":"2012-03-16T05:55:50","guid":{"rendered":"https:\/\/tiendadeargan.es\/blog\/?p=712"},"modified":"2017-09-11T09:26:00","modified_gmt":"2017-09-11T09:26:00","slug":"el-corte-de-pelo-perfecto-para-el-pelo-rizado","status":"publish","type":"post","link":"https:\/\/tiendadeargan.es\/blog\/cabello\/el-corte-de-pelo-perfecto-para-el-pelo-rizado\/","title":{"rendered":"El corte de Pelo Perfecto para el pelo Rizado"},"content":{"rendered":"<p>El pelo rizado es mas interesante que el pelo liso normal. Los rizos dan un aspecto mas art\u00edstico a cualquier peinado mientras que el liso tiene una apariencia plana. Sin embargo saber cual es el corte de pelo adecuado para el el pelo rizado no es algo tan sencillo.<\/p>\n<p>Esto se debe a que hay cosas que seguramente no sepas, a menos que seas peluquera. El corte de pelo, especialmente del rizado, requiere de conocimientos y destreza. Sin embargo, para quienes no dominen las artes capilares, pueden aprender a cortar correctamente el pelo. Solo es cuesti\u00f3n de tiempo y dedicaci\u00f3n<\/p>\n<ul>\n<li style=\"list-style-type: none\">\n<ul>\n<li><strong>Compara tu pelo con el de los dem\u00e1s<\/strong> &#8211; Es un hecho que seguramente no seas la \u00fanica persona agraciada con un pelo rizado. Y seguramente conozcan los problemas del corte de pelo antes de que t\u00fa lo hicieras. As\u00ed que solo tienes que comparar tu pelo con el suyo. Echa un vistazo a las amigas que tienen el mismo tipo pelo que tu y descubre el corte de pelo que utilizan. Cualquiera de ellops puede ser adecuado para tus rizos.<\/li>\n<\/ul>\n<\/li>\n<\/ul>\n<p>&nbsp;<\/p>\n<ul>\n<li><strong>Pregunta a tu peluquero<\/strong> &#8211; Busca consejo profesional en la persona que hayas contratado para cortar tus rizos. Seguramente pueda elegir el mejor corte para tu pelo. Esto se debe a la gran cantidad de cortes de pelo que hacen todos los d\u00edas. LA experiencia que han adquirido con el paso del tiempo hace que sean las personas mas adecuadas para responder a tus preguntas sobre peinados y cortes de pelo.<\/li>\n<\/ul>\n<p>Tambi\u00e9n puedes elegir entre los cortes mas comunes para pelos rizados. Aqu\u00ed tienes una lista con los mas populares:<\/p>\n<ul>\n<li style=\"list-style-type: none\">\n<ul>\n<li><strong>Ondulado y con capas<\/strong> &#8211; Los rizos largos son cl\u00e1sicos para este tipo de corte de pelo. Necesita de mucho tiempo y cuidado para poder efectuarlo. Tambi\u00e9n te costara unos 150$ si eres seas capaz de hacerlo por ti misma o con ayuda. En caso de que contrates a un profesional seguramente te cueste aun mas.<\/li>\n<\/ul>\n<\/li>\n<\/ul>\n<p>&nbsp;<\/p>\n<ul>\n<li style=\"list-style-type: none\">\n<ul>\n<li><strong>A Capas<\/strong> &#8211; Si quieres un estilo vivo y salvaje entonces el peinado a capas es tu opci\u00f3n. Podr\u00e1s disfrutar de un estilo glamoroso y adem\u00e1s podr\u00e1s a\u00f1adirle color si tu pelo es negro u oscuro.<\/li>\n<\/ul>\n<\/li>\n<\/ul>\n<p>&nbsp;<\/p>\n<ul>\n<li style=\"list-style-type: none\">\n<ul>\n<li><strong>Estilado medio con capas m\u00ednimas<\/strong> &#8211; \u00bfTienes un pelo con rizos espesos? Entonces conviene no usar demasiadas capas sobre ella. El objetivo de las capas es resaltar la parte inferior del pelo.<\/li>\n<\/ul>\n<\/li>\n<\/ul>\n<p>&nbsp;<\/p>\n<ul>\n<li><strong>Rizos cortos y medios <\/strong> &#8211; Dos de las mejores muestras de rizos cortos y medios son las actrices Ashley Judd y Charize Theron. Este estilo es muy atractivo y se esta convirtiendo en algo muy popular entre las famosas. As\u00ed que nada mejor que probarlo. El color del pelo es indiferente<\/li>\n<\/ul>\n<p>Tambi\u00e9n deber\u00edas considerar la forma de tu rostro. Los rizos cortos y medios son la mejor opci\u00f3n para rostros delgados. Si has estado aplicando diversos tratamientos sobre tu pelo te recomiendo que apliques aceite de arg\u00e1n sobre tu pelo para proporcionar a tus rizos toda la nutrici\u00f3n necesaria. Este aceite se ha mostrado muy eficaz a la hora de proporcionar los nutrientes necesarios para el pelo y el cuero cabelludo.<br \/>\nTambi\u00e9n debes recordar que es preciso combinar el aceite de arg\u00e1n con otro tipo de protector del pelo en caso de que pienses secarte el pelo con secador o similar. Este aceite marroqu\u00ed quiz\u00e1 no sea suficiente para proteger tu pelo de los efectos del calor.<\/p>\n","protected":false},"excerpt":{"rendered":"<p>El pelo rizado es mas interesante que el pelo liso normal. Los rizos dan un aspecto mas art\u00edstico a cualquier peinado mientras que el liso tiene una apariencia plana. Sin embargo saber cual es el corte de pelo adecuado para el el pelo rizado no es algo tan sencillo. Esto se debe a que hay [&hellip;]<\/p>\n","protected":false},"author":2,"featured_media":1830,"comment_status":"open","ping_status":"closed","sticky":false,"template":"","format":"standard","meta":{"footnotes":""},"categories":[5],"tags":[],"class_list":["post-712","post","type-post","status-publish","format-standard","has-post-thumbnail","hentry","category-cabello"],"yoast_head":"<!-- This site is optimized with the Yoast SEO plugin v25.0 - https:\/\/yoast.com\/wordpress\/plugins\/seo\/ -->\n<title>El corte de Pelo Perfecto para el pelo Rizado<\/title>\n<meta name=\"description\" content=\"Cuida de tus rizos con aceite de arg\u00e1n. Si estas buscando el pemjo peinado y el mejor corte para el pelo rizado considera cualquiera de estos 4 estilos!\" \/>\n<meta name=\"robots\" content=\"index, follow, max-snippet:-1, max-image-preview:large, max-video-preview:-1\" \/>\n<link rel=\"canonical\" href=\"https:\/\/tiendadeargan.es\/blog\/cabello\/el-corte-de-pelo-perfecto-para-el-pelo-rizado\/\" \/>\n<meta property=\"og:locale\" content=\"es_ES\" \/>\n<meta property=\"og:type\" content=\"article\" \/>\n<meta property=\"og:title\" content=\"El corte de Pelo Perfecto para el pelo Rizado\" \/>\n<meta property=\"og:description\" content=\"Cuida de tus rizos con aceite de arg\u00e1n. Si estas buscando el pemjo peinado y el mejor corte para el pelo rizado considera cualquiera de estos 4 estilos!\" \/>\n<meta property=\"og:url\" content=\"https:\/\/tiendadeargan.es\/blog\/cabello\/el-corte-de-pelo-perfecto-para-el-pelo-rizado\/\" \/>\n<meta property=\"og:site_name\" content=\"Tienda de Argan\" \/>\n<meta property=\"article:published_time\" content=\"2012-03-16T05:55:50+00:00\" \/>\n<meta property=\"article:modified_time\" content=\"2017-09-11T09:26:00+00:00\" \/>\n<meta property=\"og:image\" content=\"https:\/\/tiendadeargan.es\/blog\/wp-content\/uploads\/2012\/03\/el-corte-de-pelo-perfecto-para-el-pelo-rizado.jpg\" \/>\n\t<meta property=\"og:image:width\" content=\"670\" \/>\n\t<meta property=\"og:image:height\" content=\"350\" \/>\n\t<meta property=\"og:image:type\" content=\"image\/jpeg\" \/>\n<meta name=\"author\" content=\"Majal\" \/>\n<meta name=\"twitter:card\" content=\"summary_large_image\" \/>\n<meta name=\"twitter:label1\" content=\"Escrito por\" \/>\n\t<meta name=\"twitter:data1\" content=\"Majal\" \/>\n\t<meta name=\"twitter:label2\" content=\"Tiempo de lectura\" \/>\n\t<meta name=\"twitter:data2\" content=\"3 minutos\" \/>\n<script type=\"application\/ld+json\" class=\"yoast-schema-graph\">{\"@context\":\"https:\/\/schema.org\",\"@graph\":[{\"@type\":\"Article\",\"@id\":\"https:\/\/tiendadeargan.es\/blog\/cabello\/el-corte-de-pelo-perfecto-para-el-pelo-rizado\/#article\",\"isPartOf\":{\"@id\":\"https:\/\/tiendadeargan.es\/blog\/cabello\/el-corte-de-pelo-perfecto-para-el-pelo-rizado\/\"},\"author\":{\"name\":\"Majal\",\"@id\":\"https:\/\/tiendadeargan.es\/blog\/#\/schema\/person\/6f823cd740f4f6e9eca5ade59ea1402a\"},\"headline\":\"El corte de Pelo Perfecto para el pelo Rizado\",\"datePublished\":\"2012-03-16T05:55:50+00:00\",\"dateModified\":\"2017-09-11T09:26:00+00:00\",\"mainEntityOfPage\":{\"@id\":\"https:\/\/tiendadeargan.es\/blog\/cabello\/el-corte-de-pelo-perfecto-para-el-pelo-rizado\/\"},\"wordCount\":595,\"commentCount\":0,\"publisher\":{\"@id\":\"https:\/\/tiendadeargan.es\/blog\/#organization\"},\"image\":{\"@id\":\"https:\/\/tiendadeargan.es\/blog\/cabello\/el-corte-de-pelo-perfecto-para-el-pelo-rizado\/#primaryimage\"},\"thumbnailUrl\":\"https:\/\/tiendadeargan.es\/blog\/wp-content\/uploads\/2012\/03\/el-corte-de-pelo-perfecto-para-el-pelo-rizado.jpg\",\"articleSection\":[\"Cabello\"],\"inLanguage\":\"es\",\"potentialAction\":[{\"@type\":\"CommentAction\",\"name\":\"Comment\",\"target\":[\"https:\/\/tiendadeargan.es\/blog\/cabello\/el-corte-de-pelo-perfecto-para-el-pelo-rizado\/#respond\"]}]},{\"@type\":\"WebPage\",\"@id\":\"https:\/\/tiendadeargan.es\/blog\/cabello\/el-corte-de-pelo-perfecto-para-el-pelo-rizado\/\",\"url\":\"https:\/\/tiendadeargan.es\/blog\/cabello\/el-corte-de-pelo-perfecto-para-el-pelo-rizado\/\",\"name\":\"El corte de Pelo Perfecto para el pelo Rizado\",\"isPartOf\":{\"@id\":\"https:\/\/tiendadeargan.es\/blog\/#website\"},\"primaryImageOfPage\":{\"@id\":\"https:\/\/tiendadeargan.es\/blog\/cabello\/el-corte-de-pelo-perfecto-para-el-pelo-rizado\/#primaryimage\"},\"image\":{\"@id\":\"https:\/\/tiendadeargan.es\/blog\/cabello\/el-corte-de-pelo-perfecto-para-el-pelo-rizado\/#primaryimage\"},\"thumbnailUrl\":\"https:\/\/tiendadeargan.es\/blog\/wp-content\/uploads\/2012\/03\/el-corte-de-pelo-perfecto-para-el-pelo-rizado.jpg\",\"datePublished\":\"2012-03-16T05:55:50+00:00\",\"dateModified\":\"2017-09-11T09:26:00+00:00\",\"description\":\"Cuida de tus rizos con aceite de arg\u00e1n. Si estas buscando el pemjo peinado y el mejor corte para el pelo rizado considera cualquiera de estos 4 estilos!\",\"breadcrumb\":{\"@id\":\"https:\/\/tiendadeargan.es\/blog\/cabello\/el-corte-de-pelo-perfecto-para-el-pelo-rizado\/#breadcrumb\"},\"inLanguage\":\"es\",\"potentialAction\":[{\"@type\":\"ReadAction\",\"target\":[\"https:\/\/tiendadeargan.es\/blog\/cabello\/el-corte-de-pelo-perfecto-para-el-pelo-rizado\/\"]}]},{\"@type\":\"ImageObject\",\"inLanguage\":\"es\",\"@id\":\"https:\/\/tiendadeargan.es\/blog\/cabello\/el-corte-de-pelo-perfecto-para-el-pelo-rizado\/#primaryimage\",\"url\":\"https:\/\/tiendadeargan.es\/blog\/wp-content\/uploads\/2012\/03\/el-corte-de-pelo-perfecto-para-el-pelo-rizado.jpg\",\"contentUrl\":\"https:\/\/tiendadeargan.es\/blog\/wp-content\/uploads\/2012\/03\/el-corte-de-pelo-perfecto-para-el-pelo-rizado.jpg\",\"width\":670,\"height\":350,\"caption\":\"El corte de Pelo Perfecto para el pelo Rizado\"},{\"@type\":\"BreadcrumbList\",\"@id\":\"https:\/\/tiendadeargan.es\/blog\/cabello\/el-corte-de-pelo-perfecto-para-el-pelo-rizado\/#breadcrumb\",\"itemListElement\":[{\"@type\":\"ListItem\",\"position\":1,\"name\":\"Portada\",\"item\":\"https:\/\/tiendadeargan.es\/blog\/\"},{\"@type\":\"ListItem\",\"position\":2,\"name\":\"El corte de Pelo Perfecto para el pelo Rizado\"}]},{\"@type\":\"WebSite\",\"@id\":\"https:\/\/tiendadeargan.es\/blog\/#website\",\"url\":\"https:\/\/tiendadeargan.es\/blog\/\",\"name\":\"Tienda de Argan\",\"description\":\"Ci La Calidad Cuenta\",\"publisher\":{\"@id\":\"https:\/\/tiendadeargan.es\/blog\/#organization\"},\"potentialAction\":[{\"@type\":\"SearchAction\",\"target\":{\"@type\":\"EntryPoint\",\"urlTemplate\":\"https:\/\/tiendadeargan.es\/blog\/?s={search_term_string}\"},\"query-input\":{\"@type\":\"PropertyValueSpecification\",\"valueRequired\":true,\"valueName\":\"search_term_string\"}}],\"inLanguage\":\"es\"},{\"@type\":\"Organization\",\"@id\":\"https:\/\/tiendadeargan.es\/blog\/#organization\",\"name\":\"TiendadeArgan.es\",\"url\":\"https:\/\/tiendadeargan.es\/blog\/\",\"logo\":{\"@type\":\"ImageObject\",\"inLanguage\":\"es\",\"@id\":\"https:\/\/tiendadeargan.es\/blog\/#\/schema\/logo\/image\/\",\"url\":\"https:\/\/tiendadeargan.es\/blog\/wp-content\/uploads\/2017\/08\/TiendaDeArgan_Normal.png\",\"contentUrl\":\"https:\/\/tiendadeargan.es\/blog\/wp-content\/uploads\/2017\/08\/TiendaDeArgan_Normal.png\",\"width\":300,\"height\":58,\"caption\":\"TiendadeArgan.es\"},\"image\":{\"@id\":\"https:\/\/tiendadeargan.es\/blog\/#\/schema\/logo\/image\/\"}},{\"@type\":\"Person\",\"@id\":\"https:\/\/tiendadeargan.es\/blog\/#\/schema\/person\/6f823cd740f4f6e9eca5ade59ea1402a\",\"name\":\"Majal\",\"url\":\"https:\/\/tiendadeargan.es\/blog\/author\/majal\/\"}]}<\/script>\n<!-- \/ Yoast SEO plugin. -->","yoast_head_json":{"title":"El corte de Pelo Perfecto para el pelo Rizado","description":"Cuida de tus rizos con aceite de arg\u00e1n. Si estas buscando el pemjo peinado y el mejor corte para el pelo rizado considera cualquiera de estos 4 estilos!","robots":{"index":"index","follow":"follow","max-snippet":"max-snippet:-1","max-image-preview":"max-image-preview:large","max-video-preview":"max-video-preview:-1"},"canonical":"https:\/\/tiendadeargan.es\/blog\/cabello\/el-corte-de-pelo-perfecto-para-el-pelo-rizado\/","og_locale":"es_ES","og_type":"article","og_title":"El corte de Pelo Perfecto para el pelo Rizado","og_description":"Cuida de tus rizos con aceite de arg\u00e1n. Si estas buscando el pemjo peinado y el mejor corte para el pelo rizado considera cualquiera de estos 4 estilos!","og_url":"https:\/\/tiendadeargan.es\/blog\/cabello\/el-corte-de-pelo-perfecto-para-el-pelo-rizado\/","og_site_name":"Tienda de Argan","article_published_time":"2012-03-16T05:55:50+00:00","article_modified_time":"2017-09-11T09:26:00+00:00","og_image":[{"width":670,"height":350,"url":"https:\/\/tiendadeargan.es\/blog\/wp-content\/uploads\/2012\/03\/el-corte-de-pelo-perfecto-para-el-pelo-rizado.jpg","type":"image\/jpeg"}],"author":"Majal","twitter_card":"summary_large_image","twitter_misc":{"Escrito por":"Majal","Tiempo de lectura":"3 minutos"},"schema":{"@context":"https:\/\/schema.org","@graph":[{"@type":"Article","@id":"https:\/\/tiendadeargan.es\/blog\/cabello\/el-corte-de-pelo-perfecto-para-el-pelo-rizado\/#article","isPartOf":{"@id":"https:\/\/tiendadeargan.es\/blog\/cabello\/el-corte-de-pelo-perfecto-para-el-pelo-rizado\/"},"author":{"name":"Majal","@id":"https:\/\/tiendadeargan.es\/blog\/#\/schema\/person\/6f823cd740f4f6e9eca5ade59ea1402a"},"headline":"El corte de Pelo Perfecto para el pelo Rizado","datePublished":"2012-03-16T05:55:50+00:00","dateModified":"2017-09-11T09:26:00+00:00","mainEntityOfPage":{"@id":"https:\/\/tiendadeargan.es\/blog\/cabello\/el-corte-de-pelo-perfecto-para-el-pelo-rizado\/"},"wordCount":595,"commentCount":0,"publisher":{"@id":"https:\/\/tiendadeargan.es\/blog\/#organization"},"image":{"@id":"https:\/\/tiendadeargan.es\/blog\/cabello\/el-corte-de-pelo-perfecto-para-el-pelo-rizado\/#primaryimage"},"thumbnailUrl":"https:\/\/tiendadeargan.es\/blog\/wp-content\/uploads\/2012\/03\/el-corte-de-pelo-perfecto-para-el-pelo-rizado.jpg","articleSection":["Cabello"],"inLanguage":"es","potentialAction":[{"@type":"CommentAction","name":"Comment","target":["https:\/\/tiendadeargan.es\/blog\/cabello\/el-corte-de-pelo-perfecto-para-el-pelo-rizado\/#respond"]}]},{"@type":"WebPage","@id":"https:\/\/tiendadeargan.es\/blog\/cabello\/el-corte-de-pelo-perfecto-para-el-pelo-rizado\/","url":"https:\/\/tiendadeargan.es\/blog\/cabello\/el-corte-de-pelo-perfecto-para-el-pelo-rizado\/","name":"El corte de Pelo Perfecto para el pelo Rizado","isPartOf":{"@id":"https:\/\/tiendadeargan.es\/blog\/#website"},"primaryImageOfPage":{"@id":"https:\/\/tiendadeargan.es\/blog\/cabello\/el-corte-de-pelo-perfecto-para-el-pelo-rizado\/#primaryimage"},"image":{"@id":"https:\/\/tiendadeargan.es\/blog\/cabello\/el-corte-de-pelo-perfecto-para-el-pelo-rizado\/#primaryimage"},"thumbnailUrl":"https:\/\/tiendadeargan.es\/blog\/wp-content\/uploads\/2012\/03\/el-corte-de-pelo-perfecto-para-el-pelo-rizado.jpg","datePublished":"2012-03-16T05:55:50+00:00","dateModified":"2017-09-11T09:26:00+00:00","description":"Cuida de tus rizos con aceite de arg\u00e1n. Si estas buscando el pemjo peinado y el mejor corte para el pelo rizado considera cualquiera de estos 4 estilos!","breadcrumb":{"@id":"https:\/\/tiendadeargan.es\/blog\/cabello\/el-corte-de-pelo-perfecto-para-el-pelo-rizado\/#breadcrumb"},"inLanguage":"es","potentialAction":[{"@type":"ReadAction","target":["https:\/\/tiendadeargan.es\/blog\/cabello\/el-corte-de-pelo-perfecto-para-el-pelo-rizado\/"]}]},{"@type":"ImageObject","inLanguage":"es","@id":"https:\/\/tiendadeargan.es\/blog\/cabello\/el-corte-de-pelo-perfecto-para-el-pelo-rizado\/#primaryimage","url":"https:\/\/tiendadeargan.es\/blog\/wp-content\/uploads\/2012\/03\/el-corte-de-pelo-perfecto-para-el-pelo-rizado.jpg","contentUrl":"https:\/\/tiendadeargan.es\/blog\/wp-content\/uploads\/2012\/03\/el-corte-de-pelo-perfecto-para-el-pelo-rizado.jpg","width":670,"height":350,"caption":"El corte de Pelo Perfecto para el pelo Rizado"},{"@type":"BreadcrumbList","@id":"https:\/\/tiendadeargan.es\/blog\/cabello\/el-corte-de-pelo-perfecto-para-el-pelo-rizado\/#breadcrumb","itemListElement":[{"@type":"ListItem","position":1,"name":"Portada","item":"https:\/\/tiendadeargan.es\/blog\/"},{"@type":"ListItem","position":2,"name":"El corte de Pelo Perfecto para el pelo Rizado"}]},{"@type":"WebSite","@id":"https:\/\/tiendadeargan.es\/blog\/#website","url":"https:\/\/tiendadeargan.es\/blog\/","name":"Tienda de Argan","description":"Ci La Calidad Cuenta","publisher":{"@id":"https:\/\/tiendadeargan.es\/blog\/#organization"},"potentialAction":[{"@type":"SearchAction","target":{"@type":"EntryPoint","urlTemplate":"https:\/\/tiendadeargan.es\/blog\/?s={search_term_string}"},"query-input":{"@type":"PropertyValueSpecification","valueRequired":true,"valueName":"search_term_string"}}],"inLanguage":"es"},{"@type":"Organization","@id":"https:\/\/tiendadeargan.es\/blog\/#organization","name":"TiendadeArgan.es","url":"https:\/\/tiendadeargan.es\/blog\/","logo":{"@type":"ImageObject","inLanguage":"es","@id":"https:\/\/tiendadeargan.es\/blog\/#\/schema\/logo\/image\/","url":"https:\/\/tiendadeargan.es\/blog\/wp-content\/uploads\/2017\/08\/TiendaDeArgan_Normal.png","contentUrl":"https:\/\/tiendadeargan.es\/blog\/wp-content\/uploads\/2017\/08\/TiendaDeArgan_Normal.png","width":300,"height":58,"caption":"TiendadeArgan.es"},"image":{"@id":"https:\/\/tiendadeargan.es\/blog\/#\/schema\/logo\/image\/"}},{"@type":"Person","@id":"https:\/\/tiendadeargan.es\/blog\/#\/schema\/person\/6f823cd740f4f6e9eca5ade59ea1402a","name":"Majal","url":"https:\/\/tiendadeargan.es\/blog\/author\/majal\/"}]}},"_links":{"self":[{"href":"https:\/\/tiendadeargan.es\/blog\/wp-json\/wp\/v2\/posts\/712","targetHints":{"allow":["GET"]}}],"collection":[{"href":"https:\/\/tiendadeargan.es\/blog\/wp-json\/wp\/v2\/posts"}],"about":[{"href":"https:\/\/tiendadeargan.es\/blog\/wp-json\/wp\/v2\/types\/post"}],"author":[{"embeddable":true,"href":"https:\/\/tiendadeargan.es\/blog\/wp-json\/wp\/v2\/users\/2"}],"replies":[{"embeddable":true,"href":"https:\/\/tiendadeargan.es\/blog\/wp-json\/wp\/v2\/comments?post=712"}],"version-history":[{"count":0,"href":"https:\/\/tiendadeargan.es\/blog\/wp-json\/wp\/v2\/posts\/712\/revisions"}],"wp:featuredmedia":[{"embeddable":true,"href":"https:\/\/tiendadeargan.es\/blog\/wp-json\/wp\/v2\/media\/1830"}],"wp:attachment":[{"href":"https:\/\/tiendadeargan.es\/blog\/wp-json\/wp\/v2\/media?parent=712"}],"wp:term":[{"taxonomy":"category","embeddable":true,"href":"https:\/\/tiendadeargan.es\/blog\/wp-json\/wp\/v2\/categories?post=712"},{"taxonomy":"post_tag","embeddable":true,"href":"https:\/\/tiendadeargan.es\/blog\/wp-json\/wp\/v2\/tags?post=712"}],"curies":[{"name":"wp","href":"https:\/\/api.w.org\/{rel}","templated":true}]}}