{"id":900,"date":"2012-06-07T06:03:59","date_gmt":"2012-06-07T06:03:59","guid":{"rendered":"https:\/\/tiendadeargan.es\/blog\/?p=900"},"modified":"2017-09-10T12:48:33","modified_gmt":"2017-09-10T12:48:33","slug":"%c2%a1el-verano-esta-al-caer1-%c2%bftodavia-te-crees-los-mitos-sobre-el-sol","status":"publish","type":"post","link":"https:\/\/tiendadeargan.es\/blog\/cuidado-de-la-piel\/%c2%a1el-verano-esta-al-caer1-%c2%bftodavia-te-crees-los-mitos-sobre-el-sol\/","title":{"rendered":"\u00a1El Verano esta al Caer1 \u00bfTodav\u00eda te Crees los Mitos Sobre el Sol?"},"content":{"rendered":"<p>\u00a1Esa m\u00e1gica estaci\u00f3n en la que casi todos pasamos la mayor parte del tiempo al aire libre esta al llegar! El olor y el sabor del verano se acercan y la diversi\u00f3n entre la arena ya empieza a hacerse sitio en nuestra mente. Cuanto mas se acerca el verano mas gente empieza a comprar protecci\u00f3n solar.<\/p>\n<p>Es una buena noticia porque demuestra que muchas personas se preocupan por protegerse del sol. Pero tambi\u00e9n es cierto que la protecci\u00f3n solar no es algo exclusivo del verano. De hecho deber\u00eda ser un producto de uso diario.<\/p>\n<p>Si todav\u00eda te crees algunos mitos como \u201cla protecci\u00f3n solar solo es para el verano\u201d seguramente no sepas mucho sobre lo que supone proteger tu piel frente al sol. No te sientas mal, porque hay much\u00edsimas personas que tambi\u00e9n se siguen creyendo esos mitos. \u00a1Vamos a romper tres de esos mitos para ti!<\/p>\n<h2>Rompiendo los Mitos Populares de la Protecci\u00f3n Solar<\/h2>\n<ul>\n<li><strong>Las personas de piel oscura no necesitan usar protecci\u00f3n solar.<\/strong> \u00a1Totalmente falso! La melanina es la responsable del tono de nuestra piel. Una piel mas oscura supone que tiene mas melanina, pero esto no tiene nada que ver con tener una mayor protecci\u00f3n frente a los da\u00f1inos rayos UV del sol. La exposici\u00f3n prolongada y sin protecci\u00f3n al sol puede provocar enfermedades graves, entre las que destaca el c\u00e1ncer de piel, que no entiende de razas ni colores de piel.<\/li>\n<li><strong>Exponerte al sol ayuda a eliminar al acne.<\/strong> Otro mito falso en el que mucha gente sigue creyendo. A veces el sol puede secar el exceso de grasa del rostro, y el bronceado puede disimular los efectos del acne. Sin embargo esto puede empeorar el envejecimiento de la piel e incluso provocar cancera. Si quieres acabar con el acne lo mejor es usar alg\u00fan producto o tratamiento adecuado.<\/li>\n<li><strong>Usar un protector solar con un SPF muy elevado te ayuda a estar protegido todo el d\u00eda.<\/strong> Otra falsedad que deber\u00edas tirar a la basura. El Factor de Protecci\u00f3n Solar o SPF es una formula que se basa en la capacidad de esa loci\u00f3n solar de proteger la piel frente a los rayos UVA y UVB. Los rayos UVA provocan la aparici\u00f3n de arrugas y l\u00edneas finas, mientras que los UVB son los causantes del c\u00e1ncer de piel. Tanto si usas una crema de SPF 15 o 50, sigue siendo necesario volver a aplicar la crema cada 2 horas, o antes incluso si sudas mucho o te ba\u00f1as. Aun cuando la etiqueta diga que resiste al agua es necesario renovar la aplicaci\u00f3n, ya que nunca nos va a durar todo el d\u00eda.<\/li>\n<\/ul>\n<p>Para proteger tu piel frente a los efectos del sol, usa siempre protecci\u00f3n solar. No importa la \u00e9poca del a\u00f1o. Tambi\u00e9n deber\u00edas incluir en tu rutina el aceite de arg\u00e1n de Marruecos, ya que este aceite tiene vitamina E, acido fer\u00falico y polifenoles que ayudan a luchar contra los efectos de los rayos UV y los radicales libres presentes en la piel.<\/p>\n","protected":false},"excerpt":{"rendered":"<p>El verano se acerca y seguramente est\u00e9s planeando tus vacaciones. Muchos de nosotros pasaremos el d\u00eda en la playa, disfrutando del mar y la arena. Otros prefieren el campo. Pero vayas donde vayas, tu piel puede sufrir un duro castigo, especialmente si sigues creyendo en los  mitos <\/p>\n","protected":false},"author":2,"featured_media":1685,"comment_status":"open","ping_status":"closed","sticky":false,"template":"","format":"standard","meta":{"footnotes":""},"categories":[3],"tags":[],"class_list":["post-900","post","type-post","status-publish","format-standard","has-post-thumbnail","hentry","category-cuidado-de-la-piel"],"yoast_head":"<!-- This site is optimized with the Yoast SEO plugin v25.0 - https:\/\/yoast.com\/wordpress\/plugins\/seo\/ -->\n<title>\u00a1El Verano esta al Caer1 \u00bfTodav\u00eda te Crees los Mitos Sobre el Sol?<\/title>\n<meta name=\"description\" content=\"No te olvides este verano de cuidar tu piel con aceite de arg\u00e1n de Marruecos. \u00bfC\u00f3mo puedes evitar los da\u00f1os en tu piel este verano? \u00a1Conoce los mitos mas populares sobre la protecci\u00f3n solar!\" \/>\n<meta name=\"robots\" content=\"index, follow, max-snippet:-1, max-image-preview:large, max-video-preview:-1\" \/>\n<link rel=\"canonical\" href=\"https:\/\/tiendadeargan.es\/blog\/cuidado-de-la-piel\/\u00a1el-verano-esta-al-caer1-\u00bftodavia-te-crees-los-mitos-sobre-el-sol\/\" \/>\n<meta property=\"og:locale\" content=\"es_ES\" \/>\n<meta property=\"og:type\" content=\"article\" \/>\n<meta property=\"og:title\" content=\"\u00a1El Verano esta al Caer1 \u00bfTodav\u00eda te Crees los Mitos Sobre el Sol?\" \/>\n<meta property=\"og:description\" content=\"No te olvides este verano de cuidar tu piel con aceite de arg\u00e1n de Marruecos. \u00bfC\u00f3mo puedes evitar los da\u00f1os en tu piel este verano? \u00a1Conoce los mitos mas populares sobre la protecci\u00f3n solar!\" \/>\n<meta property=\"og:url\" content=\"https:\/\/tiendadeargan.es\/blog\/cuidado-de-la-piel\/\u00a1el-verano-esta-al-caer1-\u00bftodavia-te-crees-los-mitos-sobre-el-sol\/\" \/>\n<meta property=\"og:site_name\" content=\"Tienda de Argan\" \/>\n<meta property=\"article:published_time\" content=\"2012-06-07T06:03:59+00:00\" \/>\n<meta property=\"article:modified_time\" content=\"2017-09-10T12:48:33+00:00\" \/>\n<meta property=\"og:image\" content=\"https:\/\/tiendadeargan.es\/blog\/wp-content\/uploads\/2012\/06\/Todav\u00eda-te-Crees-los-Mitos-Sobre-el-Sol.jpg\" \/>\n\t<meta property=\"og:image:width\" content=\"670\" \/>\n\t<meta property=\"og:image:height\" content=\"350\" \/>\n\t<meta property=\"og:image:type\" content=\"image\/jpeg\" \/>\n<meta name=\"author\" content=\"Majal\" \/>\n<meta name=\"twitter:card\" content=\"summary_large_image\" \/>\n<meta name=\"twitter:label1\" content=\"Escrito por\" \/>\n\t<meta name=\"twitter:data1\" content=\"Majal\" \/>\n\t<meta name=\"twitter:label2\" content=\"Tiempo de lectura\" \/>\n\t<meta name=\"twitter:data2\" content=\"3 minutos\" \/>\n<script type=\"application\/ld+json\" class=\"yoast-schema-graph\">{\"@context\":\"https:\/\/schema.org\",\"@graph\":[{\"@type\":\"Article\",\"@id\":\"https:\/\/tiendadeargan.es\/blog\/cuidado-de-la-piel\/%c2%a1el-verano-esta-al-caer1-%c2%bftodavia-te-crees-los-mitos-sobre-el-sol\/#article\",\"isPartOf\":{\"@id\":\"https:\/\/tiendadeargan.es\/blog\/cuidado-de-la-piel\/%c2%a1el-verano-esta-al-caer1-%c2%bftodavia-te-crees-los-mitos-sobre-el-sol\/\"},\"author\":{\"name\":\"Majal\",\"@id\":\"https:\/\/tiendadeargan.es\/blog\/#\/schema\/person\/6f823cd740f4f6e9eca5ade59ea1402a\"},\"headline\":\"\u00a1El Verano esta al Caer1 \u00bfTodav\u00eda te Crees los Mitos Sobre el Sol?\",\"datePublished\":\"2012-06-07T06:03:59+00:00\",\"dateModified\":\"2017-09-10T12:48:33+00:00\",\"mainEntityOfPage\":{\"@id\":\"https:\/\/tiendadeargan.es\/blog\/cuidado-de-la-piel\/%c2%a1el-verano-esta-al-caer1-%c2%bftodavia-te-crees-los-mitos-sobre-el-sol\/\"},\"wordCount\":543,\"commentCount\":0,\"publisher\":{\"@id\":\"https:\/\/tiendadeargan.es\/blog\/#organization\"},\"image\":{\"@id\":\"https:\/\/tiendadeargan.es\/blog\/cuidado-de-la-piel\/%c2%a1el-verano-esta-al-caer1-%c2%bftodavia-te-crees-los-mitos-sobre-el-sol\/#primaryimage\"},\"thumbnailUrl\":\"https:\/\/tiendadeargan.es\/blog\/wp-content\/uploads\/2012\/06\/Todav\u00eda-te-Crees-los-Mitos-Sobre-el-Sol.jpg\",\"articleSection\":[\"Cuidado de la Piel\"],\"inLanguage\":\"es\",\"potentialAction\":[{\"@type\":\"CommentAction\",\"name\":\"Comment\",\"target\":[\"https:\/\/tiendadeargan.es\/blog\/cuidado-de-la-piel\/%c2%a1el-verano-esta-al-caer1-%c2%bftodavia-te-crees-los-mitos-sobre-el-sol\/#respond\"]}]},{\"@type\":\"WebPage\",\"@id\":\"https:\/\/tiendadeargan.es\/blog\/cuidado-de-la-piel\/%c2%a1el-verano-esta-al-caer1-%c2%bftodavia-te-crees-los-mitos-sobre-el-sol\/\",\"url\":\"https:\/\/tiendadeargan.es\/blog\/cuidado-de-la-piel\/%c2%a1el-verano-esta-al-caer1-%c2%bftodavia-te-crees-los-mitos-sobre-el-sol\/\",\"name\":\"\u00a1El Verano esta al Caer1 \u00bfTodav\u00eda te Crees los Mitos Sobre el Sol?\",\"isPartOf\":{\"@id\":\"https:\/\/tiendadeargan.es\/blog\/#website\"},\"primaryImageOfPage\":{\"@id\":\"https:\/\/tiendadeargan.es\/blog\/cuidado-de-la-piel\/%c2%a1el-verano-esta-al-caer1-%c2%bftodavia-te-crees-los-mitos-sobre-el-sol\/#primaryimage\"},\"image\":{\"@id\":\"https:\/\/tiendadeargan.es\/blog\/cuidado-de-la-piel\/%c2%a1el-verano-esta-al-caer1-%c2%bftodavia-te-crees-los-mitos-sobre-el-sol\/#primaryimage\"},\"thumbnailUrl\":\"https:\/\/tiendadeargan.es\/blog\/wp-content\/uploads\/2012\/06\/Todav\u00eda-te-Crees-los-Mitos-Sobre-el-Sol.jpg\",\"datePublished\":\"2012-06-07T06:03:59+00:00\",\"dateModified\":\"2017-09-10T12:48:33+00:00\",\"description\":\"No te olvides este verano de cuidar tu piel con aceite de arg\u00e1n de Marruecos. \u00bfC\u00f3mo puedes evitar los da\u00f1os en tu piel este verano? \u00a1Conoce los mitos mas populares sobre la protecci\u00f3n solar!\",\"breadcrumb\":{\"@id\":\"https:\/\/tiendadeargan.es\/blog\/cuidado-de-la-piel\/%c2%a1el-verano-esta-al-caer1-%c2%bftodavia-te-crees-los-mitos-sobre-el-sol\/#breadcrumb\"},\"inLanguage\":\"es\",\"potentialAction\":[{\"@type\":\"ReadAction\",\"target\":[\"https:\/\/tiendadeargan.es\/blog\/cuidado-de-la-piel\/%c2%a1el-verano-esta-al-caer1-%c2%bftodavia-te-crees-los-mitos-sobre-el-sol\/\"]}]},{\"@type\":\"ImageObject\",\"inLanguage\":\"es\",\"@id\":\"https:\/\/tiendadeargan.es\/blog\/cuidado-de-la-piel\/%c2%a1el-verano-esta-al-caer1-%c2%bftodavia-te-crees-los-mitos-sobre-el-sol\/#primaryimage\",\"url\":\"https:\/\/tiendadeargan.es\/blog\/wp-content\/uploads\/2012\/06\/Todav\u00eda-te-Crees-los-Mitos-Sobre-el-Sol.jpg\",\"contentUrl\":\"https:\/\/tiendadeargan.es\/blog\/wp-content\/uploads\/2012\/06\/Todav\u00eda-te-Crees-los-Mitos-Sobre-el-Sol.jpg\",\"width\":670,\"height\":350,\"caption\":\"\u00a1El Verano esta al Caer1 \u00bfTodav\u00eda te Crees los Mitos Sobre el Sol?\"},{\"@type\":\"BreadcrumbList\",\"@id\":\"https:\/\/tiendadeargan.es\/blog\/cuidado-de-la-piel\/%c2%a1el-verano-esta-al-caer1-%c2%bftodavia-te-crees-los-mitos-sobre-el-sol\/#breadcrumb\",\"itemListElement\":[{\"@type\":\"ListItem\",\"position\":1,\"name\":\"Portada\",\"item\":\"https:\/\/tiendadeargan.es\/blog\/\"},{\"@type\":\"ListItem\",\"position\":2,\"name\":\"\u00a1El Verano esta al Caer1 \u00bfTodav\u00eda te Crees los Mitos Sobre el Sol?\"}]},{\"@type\":\"WebSite\",\"@id\":\"https:\/\/tiendadeargan.es\/blog\/#website\",\"url\":\"https:\/\/tiendadeargan.es\/blog\/\",\"name\":\"Tienda de Argan\",\"description\":\"Ci La Calidad Cuenta\",\"publisher\":{\"@id\":\"https:\/\/tiendadeargan.es\/blog\/#organization\"},\"potentialAction\":[{\"@type\":\"SearchAction\",\"target\":{\"@type\":\"EntryPoint\",\"urlTemplate\":\"https:\/\/tiendadeargan.es\/blog\/?s={search_term_string}\"},\"query-input\":{\"@type\":\"PropertyValueSpecification\",\"valueRequired\":true,\"valueName\":\"search_term_string\"}}],\"inLanguage\":\"es\"},{\"@type\":\"Organization\",\"@id\":\"https:\/\/tiendadeargan.es\/blog\/#organization\",\"name\":\"TiendadeArgan.es\",\"url\":\"https:\/\/tiendadeargan.es\/blog\/\",\"logo\":{\"@type\":\"ImageObject\",\"inLanguage\":\"es\",\"@id\":\"https:\/\/tiendadeargan.es\/blog\/#\/schema\/logo\/image\/\",\"url\":\"https:\/\/tiendadeargan.es\/blog\/wp-content\/uploads\/2017\/08\/TiendaDeArgan_Normal.png\",\"contentUrl\":\"https:\/\/tiendadeargan.es\/blog\/wp-content\/uploads\/2017\/08\/TiendaDeArgan_Normal.png\",\"width\":300,\"height\":58,\"caption\":\"TiendadeArgan.es\"},\"image\":{\"@id\":\"https:\/\/tiendadeargan.es\/blog\/#\/schema\/logo\/image\/\"}},{\"@type\":\"Person\",\"@id\":\"https:\/\/tiendadeargan.es\/blog\/#\/schema\/person\/6f823cd740f4f6e9eca5ade59ea1402a\",\"name\":\"Majal\",\"url\":\"https:\/\/tiendadeargan.es\/blog\/author\/majal\/\"}]}<\/script>\n<!-- \/ Yoast SEO plugin. -->","yoast_head_json":{"title":"\u00a1El Verano esta al Caer1 \u00bfTodav\u00eda te Crees los Mitos Sobre el Sol?","description":"No te olvides este verano de cuidar tu piel con aceite de arg\u00e1n de Marruecos. \u00bfC\u00f3mo puedes evitar los da\u00f1os en tu piel este verano? \u00a1Conoce los mitos mas populares sobre la protecci\u00f3n solar!","robots":{"index":"index","follow":"follow","max-snippet":"max-snippet:-1","max-image-preview":"max-image-preview:large","max-video-preview":"max-video-preview:-1"},"canonical":"https:\/\/tiendadeargan.es\/blog\/cuidado-de-la-piel\/\u00a1el-verano-esta-al-caer1-\u00bftodavia-te-crees-los-mitos-sobre-el-sol\/","og_locale":"es_ES","og_type":"article","og_title":"\u00a1El Verano esta al Caer1 \u00bfTodav\u00eda te Crees los Mitos Sobre el Sol?","og_description":"No te olvides este verano de cuidar tu piel con aceite de arg\u00e1n de Marruecos. \u00bfC\u00f3mo puedes evitar los da\u00f1os en tu piel este verano? \u00a1Conoce los mitos mas populares sobre la protecci\u00f3n solar!","og_url":"https:\/\/tiendadeargan.es\/blog\/cuidado-de-la-piel\/\u00a1el-verano-esta-al-caer1-\u00bftodavia-te-crees-los-mitos-sobre-el-sol\/","og_site_name":"Tienda de Argan","article_published_time":"2012-06-07T06:03:59+00:00","article_modified_time":"2017-09-10T12:48:33+00:00","og_image":[{"width":670,"height":350,"url":"https:\/\/tiendadeargan.es\/blog\/wp-content\/uploads\/2012\/06\/Todav\u00eda-te-Crees-los-Mitos-Sobre-el-Sol.jpg","type":"image\/jpeg"}],"author":"Majal","twitter_card":"summary_large_image","twitter_misc":{"Escrito por":"Majal","Tiempo de lectura":"3 minutos"},"schema":{"@context":"https:\/\/schema.org","@graph":[{"@type":"Article","@id":"https:\/\/tiendadeargan.es\/blog\/cuidado-de-la-piel\/%c2%a1el-verano-esta-al-caer1-%c2%bftodavia-te-crees-los-mitos-sobre-el-sol\/#article","isPartOf":{"@id":"https:\/\/tiendadeargan.es\/blog\/cuidado-de-la-piel\/%c2%a1el-verano-esta-al-caer1-%c2%bftodavia-te-crees-los-mitos-sobre-el-sol\/"},"author":{"name":"Majal","@id":"https:\/\/tiendadeargan.es\/blog\/#\/schema\/person\/6f823cd740f4f6e9eca5ade59ea1402a"},"headline":"\u00a1El Verano esta al Caer1 \u00bfTodav\u00eda te Crees los Mitos Sobre el Sol?","datePublished":"2012-06-07T06:03:59+00:00","dateModified":"2017-09-10T12:48:33+00:00","mainEntityOfPage":{"@id":"https:\/\/tiendadeargan.es\/blog\/cuidado-de-la-piel\/%c2%a1el-verano-esta-al-caer1-%c2%bftodavia-te-crees-los-mitos-sobre-el-sol\/"},"wordCount":543,"commentCount":0,"publisher":{"@id":"https:\/\/tiendadeargan.es\/blog\/#organization"},"image":{"@id":"https:\/\/tiendadeargan.es\/blog\/cuidado-de-la-piel\/%c2%a1el-verano-esta-al-caer1-%c2%bftodavia-te-crees-los-mitos-sobre-el-sol\/#primaryimage"},"thumbnailUrl":"https:\/\/tiendadeargan.es\/blog\/wp-content\/uploads\/2012\/06\/Todav\u00eda-te-Crees-los-Mitos-Sobre-el-Sol.jpg","articleSection":["Cuidado de la Piel"],"inLanguage":"es","potentialAction":[{"@type":"CommentAction","name":"Comment","target":["https:\/\/tiendadeargan.es\/blog\/cuidado-de-la-piel\/%c2%a1el-verano-esta-al-caer1-%c2%bftodavia-te-crees-los-mitos-sobre-el-sol\/#respond"]}]},{"@type":"WebPage","@id":"https:\/\/tiendadeargan.es\/blog\/cuidado-de-la-piel\/%c2%a1el-verano-esta-al-caer1-%c2%bftodavia-te-crees-los-mitos-sobre-el-sol\/","url":"https:\/\/tiendadeargan.es\/blog\/cuidado-de-la-piel\/%c2%a1el-verano-esta-al-caer1-%c2%bftodavia-te-crees-los-mitos-sobre-el-sol\/","name":"\u00a1El Verano esta al Caer1 \u00bfTodav\u00eda te Crees los Mitos Sobre el Sol?","isPartOf":{"@id":"https:\/\/tiendadeargan.es\/blog\/#website"},"primaryImageOfPage":{"@id":"https:\/\/tiendadeargan.es\/blog\/cuidado-de-la-piel\/%c2%a1el-verano-esta-al-caer1-%c2%bftodavia-te-crees-los-mitos-sobre-el-sol\/#primaryimage"},"image":{"@id":"https:\/\/tiendadeargan.es\/blog\/cuidado-de-la-piel\/%c2%a1el-verano-esta-al-caer1-%c2%bftodavia-te-crees-los-mitos-sobre-el-sol\/#primaryimage"},"thumbnailUrl":"https:\/\/tiendadeargan.es\/blog\/wp-content\/uploads\/2012\/06\/Todav\u00eda-te-Crees-los-Mitos-Sobre-el-Sol.jpg","datePublished":"2012-06-07T06:03:59+00:00","dateModified":"2017-09-10T12:48:33+00:00","description":"No te olvides este verano de cuidar tu piel con aceite de arg\u00e1n de Marruecos. \u00bfC\u00f3mo puedes evitar los da\u00f1os en tu piel este verano? \u00a1Conoce los mitos mas populares sobre la protecci\u00f3n solar!","breadcrumb":{"@id":"https:\/\/tiendadeargan.es\/blog\/cuidado-de-la-piel\/%c2%a1el-verano-esta-al-caer1-%c2%bftodavia-te-crees-los-mitos-sobre-el-sol\/#breadcrumb"},"inLanguage":"es","potentialAction":[{"@type":"ReadAction","target":["https:\/\/tiendadeargan.es\/blog\/cuidado-de-la-piel\/%c2%a1el-verano-esta-al-caer1-%c2%bftodavia-te-crees-los-mitos-sobre-el-sol\/"]}]},{"@type":"ImageObject","inLanguage":"es","@id":"https:\/\/tiendadeargan.es\/blog\/cuidado-de-la-piel\/%c2%a1el-verano-esta-al-caer1-%c2%bftodavia-te-crees-los-mitos-sobre-el-sol\/#primaryimage","url":"https:\/\/tiendadeargan.es\/blog\/wp-content\/uploads\/2012\/06\/Todav\u00eda-te-Crees-los-Mitos-Sobre-el-Sol.jpg","contentUrl":"https:\/\/tiendadeargan.es\/blog\/wp-content\/uploads\/2012\/06\/Todav\u00eda-te-Crees-los-Mitos-Sobre-el-Sol.jpg","width":670,"height":350,"caption":"\u00a1El Verano esta al Caer1 \u00bfTodav\u00eda te Crees los Mitos Sobre el Sol?"},{"@type":"BreadcrumbList","@id":"https:\/\/tiendadeargan.es\/blog\/cuidado-de-la-piel\/%c2%a1el-verano-esta-al-caer1-%c2%bftodavia-te-crees-los-mitos-sobre-el-sol\/#breadcrumb","itemListElement":[{"@type":"ListItem","position":1,"name":"Portada","item":"https:\/\/tiendadeargan.es\/blog\/"},{"@type":"ListItem","position":2,"name":"\u00a1El Verano esta al Caer1 \u00bfTodav\u00eda te Crees los Mitos Sobre el Sol?"}]},{"@type":"WebSite","@id":"https:\/\/tiendadeargan.es\/blog\/#website","url":"https:\/\/tiendadeargan.es\/blog\/","name":"Tienda de Argan","description":"Ci La Calidad Cuenta","publisher":{"@id":"https:\/\/tiendadeargan.es\/blog\/#organization"},"potentialAction":[{"@type":"SearchAction","target":{"@type":"EntryPoint","urlTemplate":"https:\/\/tiendadeargan.es\/blog\/?s={search_term_string}"},"query-input":{"@type":"PropertyValueSpecification","valueRequired":true,"valueName":"search_term_string"}}],"inLanguage":"es"},{"@type":"Organization","@id":"https:\/\/tiendadeargan.es\/blog\/#organization","name":"TiendadeArgan.es","url":"https:\/\/tiendadeargan.es\/blog\/","logo":{"@type":"ImageObject","inLanguage":"es","@id":"https:\/\/tiendadeargan.es\/blog\/#\/schema\/logo\/image\/","url":"https:\/\/tiendadeargan.es\/blog\/wp-content\/uploads\/2017\/08\/TiendaDeArgan_Normal.png","contentUrl":"https:\/\/tiendadeargan.es\/blog\/wp-content\/uploads\/2017\/08\/TiendaDeArgan_Normal.png","width":300,"height":58,"caption":"TiendadeArgan.es"},"image":{"@id":"https:\/\/tiendadeargan.es\/blog\/#\/schema\/logo\/image\/"}},{"@type":"Person","@id":"https:\/\/tiendadeargan.es\/blog\/#\/schema\/person\/6f823cd740f4f6e9eca5ade59ea1402a","name":"Majal","url":"https:\/\/tiendadeargan.es\/blog\/author\/majal\/"}]}},"_links":{"self":[{"href":"https:\/\/tiendadeargan.es\/blog\/wp-json\/wp\/v2\/posts\/900","targetHints":{"allow":["GET"]}}],"collection":[{"href":"https:\/\/tiendadeargan.es\/blog\/wp-json\/wp\/v2\/posts"}],"about":[{"href":"https:\/\/tiendadeargan.es\/blog\/wp-json\/wp\/v2\/types\/post"}],"author":[{"embeddable":true,"href":"https:\/\/tiendadeargan.es\/blog\/wp-json\/wp\/v2\/users\/2"}],"replies":[{"embeddable":true,"href":"https:\/\/tiendadeargan.es\/blog\/wp-json\/wp\/v2\/comments?post=900"}],"version-history":[{"count":0,"href":"https:\/\/tiendadeargan.es\/blog\/wp-json\/wp\/v2\/posts\/900\/revisions"}],"wp:featuredmedia":[{"embeddable":true,"href":"https:\/\/tiendadeargan.es\/blog\/wp-json\/wp\/v2\/media\/1685"}],"wp:attachment":[{"href":"https:\/\/tiendadeargan.es\/blog\/wp-json\/wp\/v2\/media?parent=900"}],"wp:term":[{"taxonomy":"category","embeddable":true,"href":"https:\/\/tiendadeargan.es\/blog\/wp-json\/wp\/v2\/categories?post=900"},{"taxonomy":"post_tag","embeddable":true,"href":"https:\/\/tiendadeargan.es\/blog\/wp-json\/wp\/v2\/tags?post=900"}],"curies":[{"name":"wp","href":"https:\/\/api.w.org\/{rel}","templated":true}]}}