{"id":925,"date":"2012-06-18T12:49:18","date_gmt":"2012-06-18T12:49:18","guid":{"rendered":"https:\/\/tiendadeargan.es\/blog\/?p=925"},"modified":"2017-09-10T08:45:28","modified_gmt":"2017-09-10T08:45:28","slug":"evita-que-el-verano-dane-tu-piel","status":"publish","type":"post","link":"https:\/\/tiendadeargan.es\/blog\/cuidado-de-la-piel\/evita-que-el-verano-dane-tu-piel\/","title":{"rendered":"Evita que el Verano Da\u00f1e tu Piel"},"content":{"rendered":"<p>Es el momento de pasar al cuidado de la piel de verano. Aunque la estaci\u00f3n aun no ha llegado, nunca es tarde para conocer los errores mas frecuentes en el cuidado de la piel de verano, de manera que puedas evitarlo una vez que el calor del verano haya llegado.<\/p>\n<p>\u00a1Aqu\u00ed tienes algunos de los errores mas frecuentes con el cuidado de la piel de verano!<\/p>\n<ul>\n<li><strong>Tono poco uniforme en la piel<\/strong> &#8211; Aun cuando son muchas las personas que se quejan de no tener un tono regular durante el verano, son ellos mismos los culpables de ello. Y la principal causa es no usar protecci\u00f3n solar adecuadamente. Cuando hablamos de protecci\u00f3n solar cuanto mas, mejor. No uses un guisante de crema, tal como haces con otras cremas y lociones faciales. La norma es aplicar loci\u00f3n suficiente y de forma frecuente, especialmente si sudas o te ba\u00f1as. Elige una crema con un SPF de 15 o superior y protecci\u00f3n UVB. Tambi\u00e9n es bueno usar una crema resistente al agua.<\/li>\n<li><strong>\u00a1El Maldito acne corporal!<\/strong> &#8211; Seguramente no quieras tener que convivir con el acne corporal ni quieras lucirlo en la playa. Es un problema considerable durante el verano, ya que es cuando suele aparecer. Muchas mujeres se abstienen de usar el tradicional bikini por culpa del acne. El sudor mezclado con las bacterias provoca su aparici\u00f3n. Para evitarlo lo mejor es usar un gel antibacteriano o con base de acido salic\u00edlico. Lleva ropa clara y que permita respirar a la piel para mantener el sudor a raya. Y recuerda secar el exceso de sudor..<\/li>\n<li><strong>\u00a1Piel seca y \u201cde serpiente\u201d!<\/strong> &#8211; Una ducha de agua hirviente no es nada bueno para la piel. \u00a1As\u00ed que deja de hacerlo! Seguramente tambi\u00e9n hagas trabajar al AC durante el verano para refrescar el ambiente, aunque tambi\u00e9n es una causa de la sequedad ambiental, ya que el fr\u00edo elimina la humedad del aire. La sal y el cloro tambi\u00e9n resecan la piel. Para evitar esta sequedad no debes olvidar la nutrici\u00f3n. Un gran hidratante es el aceite de arg\u00e1n de Marruecos. Contiene vitamina E, \u00e1cidos grasos esenciales o esteroles que trabajan para mantener la piel nutrida. Puedes aplicarte aceite de arg\u00e1n de Marruecos despu\u00e9s de la ducha, por la ma\u00f1ana o antes de dormir. Recuerda que debes exfoliarte al menos un par de veces a la semana para eliminar la piel muerta y dejar en la superficie la piel nueva.<\/li>\n<li><strong>Exceso de grasa en el rostro!<\/strong> &#8211; \u00bfTu rostro tiene tanta grasa como para fre\u00edr un huevo? El calor puede provocar que la piel produzca mas sebo del que deber\u00eda en condiciones normales. No comentas el error de lavarte la cara en exceso para eliminar esa grasa, ya que lo \u00fanico que conseguir\u00e1s es una reacci\u00f3n adversa por la que produzcan aun mas grasa. Para eliminar los brillos en el rostro usa papel absorbente que eliminen el exceso de grasa..<\/li>\n<\/ul>\n","protected":false},"excerpt":{"rendered":"<p>Ten siempre a mano una botella de aceite de arg\u00e1n de Marruecos durante el verano. \u00bfSufres de alguno de sus problemas en la piel? \u00bfSufres de piel seca, poco uniforme o incluso de piel de serpiente? Si lo sufres seguramente no est\u00e9s dando a tu piel el cuidado que necesita. La mejor forma de evitar problemas con tu piel es aprender de los errores. \u00a1Conoce aqu\u00ed cuales son esos errores mas frecuentes!<\/p>\n","protected":false},"author":2,"featured_media":1675,"comment_status":"open","ping_status":"closed","sticky":false,"template":"","format":"standard","meta":{"footnotes":""},"categories":[3],"tags":[],"class_list":["post-925","post","type-post","status-publish","format-standard","has-post-thumbnail","hentry","category-cuidado-de-la-piel"],"yoast_head":"<!-- This site is optimized with the Yoast SEO plugin v25.0 - https:\/\/yoast.com\/wordpress\/plugins\/seo\/ -->\n<title>Evita que el Verano Da\u00f1e tu Piel<\/title>\n<meta name=\"description\" content=\"Mant\u00e9n la piel sana y nutrida durante este verano con aceite de arg\u00e1n de Marruecos. Aprende cuales son los errores mas frecuentes del cuidado de la piel en verano\" \/>\n<meta name=\"robots\" content=\"index, follow, max-snippet:-1, max-image-preview:large, max-video-preview:-1\" \/>\n<link rel=\"canonical\" href=\"https:\/\/tiendadeargan.es\/blog\/cuidado-de-la-piel\/evita-que-el-verano-dane-tu-piel\/\" \/>\n<meta property=\"og:locale\" content=\"es_ES\" \/>\n<meta property=\"og:type\" content=\"article\" \/>\n<meta property=\"og:title\" content=\"Evita que el Verano Da\u00f1e tu Piel\" \/>\n<meta property=\"og:description\" content=\"Mant\u00e9n la piel sana y nutrida durante este verano con aceite de arg\u00e1n de Marruecos. Aprende cuales son los errores mas frecuentes del cuidado de la piel en verano\" \/>\n<meta property=\"og:url\" content=\"https:\/\/tiendadeargan.es\/blog\/cuidado-de-la-piel\/evita-que-el-verano-dane-tu-piel\/\" \/>\n<meta property=\"og:site_name\" content=\"Tienda de Argan\" \/>\n<meta property=\"article:published_time\" content=\"2012-06-18T12:49:18+00:00\" \/>\n<meta property=\"article:modified_time\" content=\"2017-09-10T08:45:28+00:00\" \/>\n<meta property=\"og:image\" content=\"https:\/\/tiendadeargan.es\/blog\/wp-content\/uploads\/2012\/06\/Evita-que-el-Verano-Da\u00f1e-tu-Piel.jpg\" \/>\n\t<meta property=\"og:image:width\" content=\"670\" \/>\n\t<meta property=\"og:image:height\" content=\"350\" \/>\n\t<meta property=\"og:image:type\" content=\"image\/jpeg\" \/>\n<meta name=\"author\" content=\"Majal\" \/>\n<meta name=\"twitter:card\" content=\"summary_large_image\" \/>\n<meta name=\"twitter:label1\" content=\"Escrito por\" \/>\n\t<meta name=\"twitter:data1\" content=\"Majal\" \/>\n\t<meta name=\"twitter:label2\" content=\"Tiempo de lectura\" \/>\n\t<meta name=\"twitter:data2\" content=\"3 minutos\" \/>\n<script type=\"application\/ld+json\" class=\"yoast-schema-graph\">{\"@context\":\"https:\/\/schema.org\",\"@graph\":[{\"@type\":\"Article\",\"@id\":\"https:\/\/tiendadeargan.es\/blog\/cuidado-de-la-piel\/evita-que-el-verano-dane-tu-piel\/#article\",\"isPartOf\":{\"@id\":\"https:\/\/tiendadeargan.es\/blog\/cuidado-de-la-piel\/evita-que-el-verano-dane-tu-piel\/\"},\"author\":{\"name\":\"Majal\",\"@id\":\"https:\/\/tiendadeargan.es\/blog\/#\/schema\/person\/6f823cd740f4f6e9eca5ade59ea1402a\"},\"headline\":\"Evita que el Verano Da\u00f1e tu Piel\",\"datePublished\":\"2012-06-18T12:49:18+00:00\",\"dateModified\":\"2017-09-10T08:45:28+00:00\",\"mainEntityOfPage\":{\"@id\":\"https:\/\/tiendadeargan.es\/blog\/cuidado-de-la-piel\/evita-que-el-verano-dane-tu-piel\/\"},\"wordCount\":513,\"commentCount\":0,\"publisher\":{\"@id\":\"https:\/\/tiendadeargan.es\/blog\/#organization\"},\"image\":{\"@id\":\"https:\/\/tiendadeargan.es\/blog\/cuidado-de-la-piel\/evita-que-el-verano-dane-tu-piel\/#primaryimage\"},\"thumbnailUrl\":\"https:\/\/tiendadeargan.es\/blog\/wp-content\/uploads\/2012\/06\/Evita-que-el-Verano-Da\u00f1e-tu-Piel.jpg\",\"articleSection\":[\"Cuidado de la Piel\"],\"inLanguage\":\"es\",\"potentialAction\":[{\"@type\":\"CommentAction\",\"name\":\"Comment\",\"target\":[\"https:\/\/tiendadeargan.es\/blog\/cuidado-de-la-piel\/evita-que-el-verano-dane-tu-piel\/#respond\"]}]},{\"@type\":\"WebPage\",\"@id\":\"https:\/\/tiendadeargan.es\/blog\/cuidado-de-la-piel\/evita-que-el-verano-dane-tu-piel\/\",\"url\":\"https:\/\/tiendadeargan.es\/blog\/cuidado-de-la-piel\/evita-que-el-verano-dane-tu-piel\/\",\"name\":\"Evita que el Verano Da\u00f1e tu Piel\",\"isPartOf\":{\"@id\":\"https:\/\/tiendadeargan.es\/blog\/#website\"},\"primaryImageOfPage\":{\"@id\":\"https:\/\/tiendadeargan.es\/blog\/cuidado-de-la-piel\/evita-que-el-verano-dane-tu-piel\/#primaryimage\"},\"image\":{\"@id\":\"https:\/\/tiendadeargan.es\/blog\/cuidado-de-la-piel\/evita-que-el-verano-dane-tu-piel\/#primaryimage\"},\"thumbnailUrl\":\"https:\/\/tiendadeargan.es\/blog\/wp-content\/uploads\/2012\/06\/Evita-que-el-Verano-Da\u00f1e-tu-Piel.jpg\",\"datePublished\":\"2012-06-18T12:49:18+00:00\",\"dateModified\":\"2017-09-10T08:45:28+00:00\",\"description\":\"Mant\u00e9n la piel sana y nutrida durante este verano con aceite de arg\u00e1n de Marruecos. Aprende cuales son los errores mas frecuentes del cuidado de la piel en verano\",\"breadcrumb\":{\"@id\":\"https:\/\/tiendadeargan.es\/blog\/cuidado-de-la-piel\/evita-que-el-verano-dane-tu-piel\/#breadcrumb\"},\"inLanguage\":\"es\",\"potentialAction\":[{\"@type\":\"ReadAction\",\"target\":[\"https:\/\/tiendadeargan.es\/blog\/cuidado-de-la-piel\/evita-que-el-verano-dane-tu-piel\/\"]}]},{\"@type\":\"ImageObject\",\"inLanguage\":\"es\",\"@id\":\"https:\/\/tiendadeargan.es\/blog\/cuidado-de-la-piel\/evita-que-el-verano-dane-tu-piel\/#primaryimage\",\"url\":\"https:\/\/tiendadeargan.es\/blog\/wp-content\/uploads\/2012\/06\/Evita-que-el-Verano-Da\u00f1e-tu-Piel.jpg\",\"contentUrl\":\"https:\/\/tiendadeargan.es\/blog\/wp-content\/uploads\/2012\/06\/Evita-que-el-Verano-Da\u00f1e-tu-Piel.jpg\",\"width\":670,\"height\":350,\"caption\":\"Evita que el Verano Da\u00f1e tu Piel\"},{\"@type\":\"BreadcrumbList\",\"@id\":\"https:\/\/tiendadeargan.es\/blog\/cuidado-de-la-piel\/evita-que-el-verano-dane-tu-piel\/#breadcrumb\",\"itemListElement\":[{\"@type\":\"ListItem\",\"position\":1,\"name\":\"Portada\",\"item\":\"https:\/\/tiendadeargan.es\/blog\/\"},{\"@type\":\"ListItem\",\"position\":2,\"name\":\"Evita que el Verano Da\u00f1e tu Piel\"}]},{\"@type\":\"WebSite\",\"@id\":\"https:\/\/tiendadeargan.es\/blog\/#website\",\"url\":\"https:\/\/tiendadeargan.es\/blog\/\",\"name\":\"Tienda de Argan\",\"description\":\"Ci La Calidad Cuenta\",\"publisher\":{\"@id\":\"https:\/\/tiendadeargan.es\/blog\/#organization\"},\"potentialAction\":[{\"@type\":\"SearchAction\",\"target\":{\"@type\":\"EntryPoint\",\"urlTemplate\":\"https:\/\/tiendadeargan.es\/blog\/?s={search_term_string}\"},\"query-input\":{\"@type\":\"PropertyValueSpecification\",\"valueRequired\":true,\"valueName\":\"search_term_string\"}}],\"inLanguage\":\"es\"},{\"@type\":\"Organization\",\"@id\":\"https:\/\/tiendadeargan.es\/blog\/#organization\",\"name\":\"TiendadeArgan.es\",\"url\":\"https:\/\/tiendadeargan.es\/blog\/\",\"logo\":{\"@type\":\"ImageObject\",\"inLanguage\":\"es\",\"@id\":\"https:\/\/tiendadeargan.es\/blog\/#\/schema\/logo\/image\/\",\"url\":\"https:\/\/tiendadeargan.es\/blog\/wp-content\/uploads\/2017\/08\/TiendaDeArgan_Normal.png\",\"contentUrl\":\"https:\/\/tiendadeargan.es\/blog\/wp-content\/uploads\/2017\/08\/TiendaDeArgan_Normal.png\",\"width\":300,\"height\":58,\"caption\":\"TiendadeArgan.es\"},\"image\":{\"@id\":\"https:\/\/tiendadeargan.es\/blog\/#\/schema\/logo\/image\/\"}},{\"@type\":\"Person\",\"@id\":\"https:\/\/tiendadeargan.es\/blog\/#\/schema\/person\/6f823cd740f4f6e9eca5ade59ea1402a\",\"name\":\"Majal\",\"url\":\"https:\/\/tiendadeargan.es\/blog\/author\/majal\/\"}]}<\/script>\n<!-- \/ Yoast SEO plugin. -->","yoast_head_json":{"title":"Evita que el Verano Da\u00f1e tu Piel","description":"Mant\u00e9n la piel sana y nutrida durante este verano con aceite de arg\u00e1n de Marruecos. Aprende cuales son los errores mas frecuentes del cuidado de la piel en verano","robots":{"index":"index","follow":"follow","max-snippet":"max-snippet:-1","max-image-preview":"max-image-preview:large","max-video-preview":"max-video-preview:-1"},"canonical":"https:\/\/tiendadeargan.es\/blog\/cuidado-de-la-piel\/evita-que-el-verano-dane-tu-piel\/","og_locale":"es_ES","og_type":"article","og_title":"Evita que el Verano Da\u00f1e tu Piel","og_description":"Mant\u00e9n la piel sana y nutrida durante este verano con aceite de arg\u00e1n de Marruecos. Aprende cuales son los errores mas frecuentes del cuidado de la piel en verano","og_url":"https:\/\/tiendadeargan.es\/blog\/cuidado-de-la-piel\/evita-que-el-verano-dane-tu-piel\/","og_site_name":"Tienda de Argan","article_published_time":"2012-06-18T12:49:18+00:00","article_modified_time":"2017-09-10T08:45:28+00:00","og_image":[{"width":670,"height":350,"url":"https:\/\/tiendadeargan.es\/blog\/wp-content\/uploads\/2012\/06\/Evita-que-el-Verano-Da\u00f1e-tu-Piel.jpg","type":"image\/jpeg"}],"author":"Majal","twitter_card":"summary_large_image","twitter_misc":{"Escrito por":"Majal","Tiempo de lectura":"3 minutos"},"schema":{"@context":"https:\/\/schema.org","@graph":[{"@type":"Article","@id":"https:\/\/tiendadeargan.es\/blog\/cuidado-de-la-piel\/evita-que-el-verano-dane-tu-piel\/#article","isPartOf":{"@id":"https:\/\/tiendadeargan.es\/blog\/cuidado-de-la-piel\/evita-que-el-verano-dane-tu-piel\/"},"author":{"name":"Majal","@id":"https:\/\/tiendadeargan.es\/blog\/#\/schema\/person\/6f823cd740f4f6e9eca5ade59ea1402a"},"headline":"Evita que el Verano Da\u00f1e tu Piel","datePublished":"2012-06-18T12:49:18+00:00","dateModified":"2017-09-10T08:45:28+00:00","mainEntityOfPage":{"@id":"https:\/\/tiendadeargan.es\/blog\/cuidado-de-la-piel\/evita-que-el-verano-dane-tu-piel\/"},"wordCount":513,"commentCount":0,"publisher":{"@id":"https:\/\/tiendadeargan.es\/blog\/#organization"},"image":{"@id":"https:\/\/tiendadeargan.es\/blog\/cuidado-de-la-piel\/evita-que-el-verano-dane-tu-piel\/#primaryimage"},"thumbnailUrl":"https:\/\/tiendadeargan.es\/blog\/wp-content\/uploads\/2012\/06\/Evita-que-el-Verano-Da\u00f1e-tu-Piel.jpg","articleSection":["Cuidado de la Piel"],"inLanguage":"es","potentialAction":[{"@type":"CommentAction","name":"Comment","target":["https:\/\/tiendadeargan.es\/blog\/cuidado-de-la-piel\/evita-que-el-verano-dane-tu-piel\/#respond"]}]},{"@type":"WebPage","@id":"https:\/\/tiendadeargan.es\/blog\/cuidado-de-la-piel\/evita-que-el-verano-dane-tu-piel\/","url":"https:\/\/tiendadeargan.es\/blog\/cuidado-de-la-piel\/evita-que-el-verano-dane-tu-piel\/","name":"Evita que el Verano Da\u00f1e tu Piel","isPartOf":{"@id":"https:\/\/tiendadeargan.es\/blog\/#website"},"primaryImageOfPage":{"@id":"https:\/\/tiendadeargan.es\/blog\/cuidado-de-la-piel\/evita-que-el-verano-dane-tu-piel\/#primaryimage"},"image":{"@id":"https:\/\/tiendadeargan.es\/blog\/cuidado-de-la-piel\/evita-que-el-verano-dane-tu-piel\/#primaryimage"},"thumbnailUrl":"https:\/\/tiendadeargan.es\/blog\/wp-content\/uploads\/2012\/06\/Evita-que-el-Verano-Da\u00f1e-tu-Piel.jpg","datePublished":"2012-06-18T12:49:18+00:00","dateModified":"2017-09-10T08:45:28+00:00","description":"Mant\u00e9n la piel sana y nutrida durante este verano con aceite de arg\u00e1n de Marruecos. Aprende cuales son los errores mas frecuentes del cuidado de la piel en verano","breadcrumb":{"@id":"https:\/\/tiendadeargan.es\/blog\/cuidado-de-la-piel\/evita-que-el-verano-dane-tu-piel\/#breadcrumb"},"inLanguage":"es","potentialAction":[{"@type":"ReadAction","target":["https:\/\/tiendadeargan.es\/blog\/cuidado-de-la-piel\/evita-que-el-verano-dane-tu-piel\/"]}]},{"@type":"ImageObject","inLanguage":"es","@id":"https:\/\/tiendadeargan.es\/blog\/cuidado-de-la-piel\/evita-que-el-verano-dane-tu-piel\/#primaryimage","url":"https:\/\/tiendadeargan.es\/blog\/wp-content\/uploads\/2012\/06\/Evita-que-el-Verano-Da\u00f1e-tu-Piel.jpg","contentUrl":"https:\/\/tiendadeargan.es\/blog\/wp-content\/uploads\/2012\/06\/Evita-que-el-Verano-Da\u00f1e-tu-Piel.jpg","width":670,"height":350,"caption":"Evita que el Verano Da\u00f1e tu Piel"},{"@type":"BreadcrumbList","@id":"https:\/\/tiendadeargan.es\/blog\/cuidado-de-la-piel\/evita-que-el-verano-dane-tu-piel\/#breadcrumb","itemListElement":[{"@type":"ListItem","position":1,"name":"Portada","item":"https:\/\/tiendadeargan.es\/blog\/"},{"@type":"ListItem","position":2,"name":"Evita que el Verano Da\u00f1e tu Piel"}]},{"@type":"WebSite","@id":"https:\/\/tiendadeargan.es\/blog\/#website","url":"https:\/\/tiendadeargan.es\/blog\/","name":"Tienda de Argan","description":"Ci La Calidad Cuenta","publisher":{"@id":"https:\/\/tiendadeargan.es\/blog\/#organization"},"potentialAction":[{"@type":"SearchAction","target":{"@type":"EntryPoint","urlTemplate":"https:\/\/tiendadeargan.es\/blog\/?s={search_term_string}"},"query-input":{"@type":"PropertyValueSpecification","valueRequired":true,"valueName":"search_term_string"}}],"inLanguage":"es"},{"@type":"Organization","@id":"https:\/\/tiendadeargan.es\/blog\/#organization","name":"TiendadeArgan.es","url":"https:\/\/tiendadeargan.es\/blog\/","logo":{"@type":"ImageObject","inLanguage":"es","@id":"https:\/\/tiendadeargan.es\/blog\/#\/schema\/logo\/image\/","url":"https:\/\/tiendadeargan.es\/blog\/wp-content\/uploads\/2017\/08\/TiendaDeArgan_Normal.png","contentUrl":"https:\/\/tiendadeargan.es\/blog\/wp-content\/uploads\/2017\/08\/TiendaDeArgan_Normal.png","width":300,"height":58,"caption":"TiendadeArgan.es"},"image":{"@id":"https:\/\/tiendadeargan.es\/blog\/#\/schema\/logo\/image\/"}},{"@type":"Person","@id":"https:\/\/tiendadeargan.es\/blog\/#\/schema\/person\/6f823cd740f4f6e9eca5ade59ea1402a","name":"Majal","url":"https:\/\/tiendadeargan.es\/blog\/author\/majal\/"}]}},"_links":{"self":[{"href":"https:\/\/tiendadeargan.es\/blog\/wp-json\/wp\/v2\/posts\/925","targetHints":{"allow":["GET"]}}],"collection":[{"href":"https:\/\/tiendadeargan.es\/blog\/wp-json\/wp\/v2\/posts"}],"about":[{"href":"https:\/\/tiendadeargan.es\/blog\/wp-json\/wp\/v2\/types\/post"}],"author":[{"embeddable":true,"href":"https:\/\/tiendadeargan.es\/blog\/wp-json\/wp\/v2\/users\/2"}],"replies":[{"embeddable":true,"href":"https:\/\/tiendadeargan.es\/blog\/wp-json\/wp\/v2\/comments?post=925"}],"version-history":[{"count":0,"href":"https:\/\/tiendadeargan.es\/blog\/wp-json\/wp\/v2\/posts\/925\/revisions"}],"wp:featuredmedia":[{"embeddable":true,"href":"https:\/\/tiendadeargan.es\/blog\/wp-json\/wp\/v2\/media\/1675"}],"wp:attachment":[{"href":"https:\/\/tiendadeargan.es\/blog\/wp-json\/wp\/v2\/media?parent=925"}],"wp:term":[{"taxonomy":"category","embeddable":true,"href":"https:\/\/tiendadeargan.es\/blog\/wp-json\/wp\/v2\/categories?post=925"},{"taxonomy":"post_tag","embeddable":true,"href":"https:\/\/tiendadeargan.es\/blog\/wp-json\/wp\/v2\/tags?post=925"}],"curies":[{"name":"wp","href":"https:\/\/api.w.org\/{rel}","templated":true}]}}